{"headers": {"id": "ID", "ano": "Ano", "numero": "N\u00famero", "tipo__sigla": "Tipo de Mat\u00e9ria Legislativa/Sigla", "tipo__descricao": "Tipo de Mat\u00e9ria Legislativa/Descri\u00e7\u00e3o", "autoria": "Autorias", "texto_original": "Texto Original", "ementa": "Ementa"}, "results": [{"id": "7301", "ano": "2022", "numero": "15", "tipo__sigla": "IND", "tipo__descricao": "Indica\u00e7\u00e3o", "autoria": "CESAR DOS SANTOS JUNIOR, CL\u00c1UDIO RENATO BECKER., DIEGO FLORES, DILSON DIOCLECIO PIRES, NILSE MARIA ALVES DE LIMA", "texto_original": "http://sapl.saosebastiaodocai.rs.leg.br/media/sapl/public/materialegislativa/2022/7301/indicacao.015.bancadas.mdb.psd..pdf", "ementa": "CM 015/22 INDICA\u00c7\u00c3O DOS VEREADORES CESAR DOS SANTOS JUNIOR, CL\u00c1UDIO RENATO BECKER, DILSON DIOCLECIO PIRES, DIEGO FLORES E NILSE MARIA ALVES DE LIMA SUGERINDO AO PREFEITO MUNICIPAL QUE REALIZE A DEDETIZA\u00c7\u00c3O DOS BUEIROS DA CIDADE, NESTE MUNIC\u00cdPIO."}, {"id": "7302", "ano": "2022", "numero": "16", "tipo__sigla": "IND", "tipo__descricao": "Indica\u00e7\u00e3o", "autoria": "CESAR DOS SANTOS JUNIOR, CL\u00c1UDIO RENATO BECKER., DILSON DIOCLECIO PIRES, NILSE MARIA ALVES DE LIMA", "texto_original": "http://sapl.saosebastiaodocai.rs.leg.br/media/sapl/public/materialegislativa/2022/7302/indicacao.016.claudio.cesar.nilse.dilson.pdf", "ementa": "CM 016/22 INDICA\u00c7\u00c3O DOS VEREADORES CESAR DOS SANTOS JUNIOR, CL\u00c1UDIO RENATO BECKER, DILSON DIOCLECIO PIRES, DIEGO FLORES E NILSE MARIA ALVES DE LIMA SUGERINDO AO PREFEITO MUNICIPAL QUE REALIZE, URGENTEMENTE, A MANUTEN\u00c7\u00c3O DAS PONTES DA ESTRADA DO CANTO ALEGRE, NO BAIRRO LAJEADINHO, NESTE MUNIC\u00cdPIO."}, {"id": "7303", "ano": "2022", "numero": "17", "tipo__sigla": "IND", "tipo__descricao": "Indica\u00e7\u00e3o", "autoria": "CESAR DOS SANTOS JUNIOR, CL\u00c1UDIO RENATO BECKER., DIEGO FLORES, DILSON DIOCLECIO PIRES, NILSE MARIA ALVES DE LIMA", "texto_original": "http://sapl.saosebastiaodocai.rs.leg.br/media/sapl/public/materialegislativa/2022/7303/indicacao.017.bancadas.mdb.psd.pdf", "ementa": "CM 017/22 INDICA\u00c7\u00c3O DOS VEREADORES CESAR DOS SANTOS JUNIOR, CL\u00c1UDIO RENATO BECKER, DILSON DIOCLECIO PIRES, DIEGO FLORES E NILSE MARIA ALVES DE LIMA SUGERINDO AO PREFEITO MUNICIPAL QUE NOTIFIQUE OS PROPRIET\u00c1RIOS DOS TERRENOS DO BAIRRO ANGICO E LOTEAMENTO CAMPO DOS L\u00cdRIOS PARA REALIZAREM A PODA DA VEGETA\u00c7\u00c3O DOS LOCAIS."}, {"id": "7304", "ano": "2022", "numero": "18", "tipo__sigla": "IND", "tipo__descricao": "Indica\u00e7\u00e3o", "autoria": "CESAR DOS SANTOS JUNIOR, CL\u00c1UDIO RENATO BECKER., DIEGO FLORES, DILSON DIOCLECIO PIRES, NILSE MARIA ALVES DE LIMA", "texto_original": "http://sapl.saosebastiaodocai.rs.leg.br/media/sapl/public/materialegislativa/2022/7304/indicacao.018.bancadas.mdb.psd.pdf", "ementa": "CM 018/22 INDICA\u00c7\u00c3O DOS VEREADORES CESAR DOS SANTOS JUNIOR, CL\u00c1UDIO RENATO BECKER, DILSON DIOCLECIO PIRES, DIEGO FLORES E NILSE MARIA ALVES DE LIMA SUGERINDO AO PREFEITO MUNICIPAL QUE REALIZE A MELHORA NA PRA\u00c7A 'TIO PUBI', NA BAIRRO ANGICO, COM A COLOCA\u00c7\u00c3O DE REDES AO REDOR DA QUADRA DE AREIA, MELHORA NO CAMPINHO, COM MAIS AREIA DE QUALIDADE, E A REALIZA\u00c7\u00c3O DO CAL\u00c7AMENTO AO REDOR DA PRA\u00c7A."}, {"id": "7305", "ano": "2022", "numero": "19", "tipo__sigla": "IND", "tipo__descricao": "Indica\u00e7\u00e3o", "autoria": "CESAR DOS SANTOS JUNIOR, CL\u00c1UDIO RENATO BECKER., DIEGO FLORES, DILSON DIOCLECIO PIRES, NILSE MARIA ALVES DE LIMA", "texto_original": "http://sapl.saosebastiaodocai.rs.leg.br/media/sapl/public/materialegislativa/2022/7305/indicacao.019.bancadas.mdb.psd.pdf", "ementa": "CM 019/22 INDICA\u00c7\u00c3O DOS VEREADORES CESAR DOS SANTOS JUNIOR, CL\u00c1UDIO RENATO BECKER, DILSON DIOCLECIO PIRES, DIEGO FLORES E NILSE MARIA ALVES DE LIMA SUGERINDO AO PREFEITO MUNICIPAL QUE REALIZE A CED\u00caNCIA DA \u00c1REA INSTITUCIONAL LOCALIZADA NO BAIRRO ANGICO \u00c0 ASSOCIA\u00c7\u00c3O DE MORADORES DO BAIRRO ANGICO, NESTE MUNIC\u00cdPIO."}, {"id": "7306", "ano": "2022", "numero": "20", "tipo__sigla": "IND", "tipo__descricao": "Indica\u00e7\u00e3o", "autoria": "ASIR ANDRE HARTMANN", "texto_original": "http://sapl.saosebastiaodocai.rs.leg.br/media/sapl/public/materialegislativa/2022/7306/indicacao.020.asir.pdf", "ementa": "CM 020/22 INDICA\u00c7\u00c3O DO VEREADOR ASIR ANDR\u00c9 HARTMANN SUGERINDO AO EXECUTIVO MUNICIPAL, OU A SECRETARIA DE OBRAS A MELHORAR A SINALIZA\u00c7\u00c3O DA VIA DE TR\u00c2NSITO VERTICAL E HORIZONTAL DA RUA ANDRADE NEVES COM A RUA CORONEL GUIMAR\u00c3ES."}, {"id": "7312", "ano": "2022", "numero": "27", "tipo__sigla": "IND", "tipo__descricao": "Indica\u00e7\u00e3o", "autoria": "CESAR DOS SANTOS JUNIOR, CL\u00c1UDIO RENATO BECKER., DIEGO FLORES, DILSON DIOCLECIO PIRES, NILSE MARIA ALVES DE LIMA", "texto_original": "http://sapl.saosebastiaodocai.rs.leg.br/media/sapl/public/materialegislativa/2022/7312/indicacao.027.bancadas.mdb.psd.pdf", "ementa": "CM 027/22          INDICA\u00c7\u00c3O DO VEREADORES CESAR DOS SANTOS JUNIOR, CL\u00c1UDIO RENATO BECKER, DIEGO FLORES, DILSON DIOCLECIO PIRES E NILSE MARIA ALVES DE LIMA SUGERINDO AO PREFEITO MUNICIPAL PARA QUE PROVIDENCIE MELHORIA NOS ACESSOS AOS LOCAIS DE BANHO JUNTO AO RIO CA\u00cd."}, {"id": "7313", "ano": "2022", "numero": "28", "tipo__sigla": "IND", "tipo__descricao": "Indica\u00e7\u00e3o", "autoria": "CESAR DOS SANTOS JUNIOR, CL\u00c1UDIO RENATO BECKER., DIEGO FLORES, DILSON DIOCLECIO PIRES, NILSE MARIA ALVES DE LIMA", "texto_original": "http://sapl.saosebastiaodocai.rs.leg.br/media/sapl/public/materialegislativa/2022/7313/indicacao.028.bancadas.mdb.psd.pdf", "ementa": "CM 028/22          INDICA\u00c7\u00c3O DO VEREADORES CESAR DOS SANTOS JUNIOR, CL\u00c1UDIO RENATO BECKER, DIEGO FLORES, DILSON DIOCLECIO PIRES E NILSE MARIA ALVES DE LIMA SUGERINDO AO SENHOR PREFEITO MUNICIPAL PARA QUE COLOQUE PARADA NA VILA PIRES (MARGENS DA RS 122 - PR\u00d3XIMO A FLORICULTURA PARA\u00cdSO), NA RUA JO\u00c3O PEDRO FERNANDES."}, {"id": "7314", "ano": "2022", "numero": "29", "tipo__sigla": "IND", "tipo__descricao": "Indica\u00e7\u00e3o", "autoria": "CESAR DOS SANTOS JUNIOR, CL\u00c1UDIO RENATO BECKER., DIEGO FLORES, DILSON DIOCLECIO PIRES, NILSE MARIA ALVES DE LIMA, Vereadores", "texto_original": "http://sapl.saosebastiaodocai.rs.leg.br/media/sapl/public/materialegislativa/2022/7314/indicacao.029.bancadas.mdb.psd.pdf", "ementa": "CM 029/22          INDICA\u00c7\u00c3O DO VEREADORES CESAR DOS SANTOS JUNIOR, CL\u00c1UDIO RENATO BECKER, DIEGO FLORES, DILSON DIOCLECIO PIRES E NILSE MARIA ALVES DE LIMA SUGERINDO AO SENHOR PREFEITO MUNICIPAL J\u00daLIO CESAR CAMPANI E SECRET\u00c1RIO MUNICIPAL DE OBRAS, SENHOR MOZAR HOFF, PARA QUE VENHAM PROCEDER O ALARGAMENTO DO TRECHO DA ESTRADA DO CANTO ALEGRE, CONFORME IMAGEM ANEXA."}, {"id": "7315", "ano": "2022", "numero": "30", "tipo__sigla": "IND", "tipo__descricao": "Indica\u00e7\u00e3o", "autoria": "CESAR DOS SANTOS JUNIOR, CL\u00c1UDIO RENATO BECKER., DIEGO FLORES, DILSON DIOCLECIO PIRES, NILSE MARIA ALVES DE LIMA", "texto_original": "http://sapl.saosebastiaodocai.rs.leg.br/media/sapl/public/materialegislativa/2022/7315/indicacao.030.carlos.pdf", "ementa": "CM 030/22          INDICA\u00c7\u00c3O DO VEREADOR CARLOS DEONELO FLORES SUGERINDO AO EXECUTIVO MUNICIPAL QUE SEJAM REALIZADAS PALESTRAS NAS ESCOLAS MUNICIPAIS SOBRE ALCOOLISMO E DROGAS."}, {"id": "7316", "ano": "2022", "numero": "31", "tipo__sigla": "IND", "tipo__descricao": "Indica\u00e7\u00e3o", "autoria": "Vereadores", "texto_original": "http://sapl.saosebastiaodocai.rs.leg.br/media/sapl/public/materialegislativa/2022/7316/indicacao.031.bancadas.mdb.psd.pdf", "ementa": "CM 031/22         INDICA\u00c7\u00c3O DO VEREADORES CESAR DOS SANTOS JUNIOR, CL\u00c1UDIO RENATO BECKER, DIEGO FLORES, DILSON DIOCLECIO PIRES E NILSE MARIA ALVES DE LIMA SUGERINDO AO EXECUTIVO MUNICIPAL QUE SEJA FEITA UMA VISTORIA NOS QUIOSQUES DO LOTEAMENTO POPULAR, NESTE MUNIC\u00cdPIO."}, {"id": "7322", "ano": "2022", "numero": "37", "tipo__sigla": "IND", "tipo__descricao": "Indica\u00e7\u00e3o", "autoria": "Vereadores", "texto_original": "http://sapl.saosebastiaodocai.rs.leg.br/media/sapl/public/materialegislativa/2022/7322/indicacao.037.carlos.pdf", "ementa": "CM 037/22 INDICA\u00c7\u00c3O DO VEREADOR CARLOS DEONELO FLORES SUGERINDO AO PREFEITO MUNICIPAL A CONSTRU\u00c7\u00c3O DE UMA ESCADARIA LIGANDO A IGREJA DA CONCEI\u00c7\u00c3O AO SANTU\u00c1RIO, NO BAIRRO CONCEI\u00c7\u00c3O, NESTE MUNIC\u00cdPIO."}, {"id": "7323", "ano": "2022", "numero": "38", "tipo__sigla": "IND", "tipo__descricao": "Indica\u00e7\u00e3o", "autoria": "CESAR DOS SANTOS JUNIOR, CL\u00c1UDIO RENATO BECKER., DIEGO FLORES", "texto_original": "http://sapl.saosebastiaodocai.rs.leg.br/media/sapl/public/materialegislativa/2022/7323/indicacao.038.bancadas.mdb.psd.pdf", "ementa": "CM 038/22 INDICA\u00c7\u00c3O DO VEREADORES CESAR DOS SANTOS JUNIOR, CL\u00c1UDIO RENATO BECKER E DIEGO FLORES SUGERINDO AO SENHOR PREFEITO MUNICIPAL QUE REALIZE CONCURSO PARA O CARGO DE FISCAL MUNICIPAL, OU EM CASO DE EDITAL V\u00c1LIDO, CHAME MAIS FUNCION\u00c1RIOS PARA OS SETORES."}, {"id": "7334", "ano": "2022", "numero": "49", "tipo__sigla": "IND", "tipo__descricao": "Indica\u00e7\u00e3o", "autoria": "ANAST\u00c1CIO DA SILVA., ASIR ANDRE HARTMANN, CESAR DOS SANTOS JUNIOR, CL\u00c1UDIO RENATO BECKER., DIEGO FLORES, DILSON DIOCLECIO PIRES, ELSON LOPES., NILSE MARIA ALVES DE LIMA", "texto_original": "http://sapl.saosebastiaodocai.rs.leg.br/media/sapl/public/materialegislativa/2022/7334/indicacao.049.todosvereadores.pdf", "ementa": "CM 049/22 INDICA\u00c7\u00c3O, DE INICIATIVA DE TODOS OS VEREADORES, SUGERINDO AO EXECUTIVO MUNICIPAL QUE O VALOR DE R$ 30.000,00 (TRINTA MIL REAIS), DA SOBRA DO DUOD\u00c9CIMO DA C\u00c2MARA MUNICIPAL, SEJA REPASSADO \u00c0 DEFESA CIVIL DO MUNIC\u00cdPIO, PARA SEREM UTILIZADOS NOS REPAROS DOS ESTRAGOS CAUSADOS PELO \u00daLTIMO TEMPORAL QUE ATINGIU A CIDADE, BEM COMO POSS\u00cdVEIS EMERG\u00caNCIAS QUE SURGIREM."}, {"id": "7335", "ano": "2022", "numero": "50", "tipo__sigla": "IND", "tipo__descricao": "Indica\u00e7\u00e3o", "autoria": "CARLOS DEONELO FLORES", "texto_original": "http://sapl.saosebastiaodocai.rs.leg.br/media/sapl/public/materialegislativa/2022/7335/indicacao.050.carlos.pdf", "ementa": "CM 050/22 INDICA\u00c7\u00c3O, DE INICIATIVA DO VEREADOR CARLOS DEONELO FLORES, SUGERINDO AO EXECUTIVO MUNICIPAL QUE FA\u00c7A O PROLONGAMENTO DA RUA EVA DE AZEVEDO VIEIRA, NO BAIRRO CONCEI\u00c7\u00c3O, PARA CONECT\u00c1-LA \u00c0 ERS 122."}, {"id": "7344", "ano": "2022", "numero": "59", "tipo__sigla": "IND", "tipo__descricao": "Indica\u00e7\u00e3o", "autoria": "CARLOS DEONELO FLORES", "texto_original": "http://sapl.saosebastiaodocai.rs.leg.br/media/", "ementa": "CM 059/22          INDICA\u00c7\u00c3O DO VEREADOR CARLOS DEONELO FLORES SUGERINDO AO EXECUTIVO MUNICIPAL, A PEDIDO DE MORADORES, A PAVIMENTA\u00c7\u00c3O COM PAVS NOS SEGUINTES LOCAIS DO MUNIC\u00cdPIO: LOTEAMENTO MARTINS, NAS PROXIMIDADES DA TENDA DA MELANCIA, NO BAIRRO CONCEI\u00c7\u00c3O; RUA DA CRECHE MEU CANTINHO, NA BARRA DO CADEIA."}, {"id": "7345", "ano": "2022", "numero": "60", "tipo__sigla": "IND", "tipo__descricao": "Indica\u00e7\u00e3o", "autoria": "CL\u00c1UDIO RENATO BECKER., DIEGO FLORES, DILSON DIOCLECIO PIRES, VILSON JOSE RECH", "texto_original": "http://sapl.saosebastiaodocai.rs.leg.br/media/", "ementa": "CM 060/22          INDICA\u00c7\u00c3O DOS VEREADORES DILSON DIOCLECIO PIRES, CL\u00c1UDIO RENATO BECKER, VILSON JOS\u00c9 RECH E DIEGO FLORES SUGERINDO AO EXECUTIVO MUNICIPAL QUE SEJAM FEITAS MELHORIAS NO ASFALTO (CONSERTO DOS BURACOS) DA RUA MADRE REGINA PROTMANN, NESTE MUNIC\u00cdPIO."}, {"id": "7346", "ano": "2022", "numero": "61", "tipo__sigla": "IND", "tipo__descricao": "Indica\u00e7\u00e3o", "autoria": "ANAST\u00c1CIO DA SILVA., ASIR ANDRE HARTMANN, CARLOS DEONELO FLORES, ELSON LOPES.", "texto_original": "http://sapl.saosebastiaodocai.rs.leg.br/media/", "ementa": "CM 061/22          INDICA\u00c7\u00c3O DOS VEREADORES ELSON LOPES, ASIR ANDR\u00c9 HARTMANN, CARLOS DEONELO FLORES E ANAST\u00c1CIO DA SILVA SUGERINDO AO EXECUTIVO MUNICIPAL QUE SEJA FEITO UM ESTUDO DE MELHORIA EM TODOS OS CRUZAMENTOS DA AV. DR. BRUNO CASSEL, NESTE MUNIC\u00cdPIO."}, {"id": "7351", "ano": "2022", "numero": "66", "tipo__sigla": "IND", "tipo__descricao": "Indica\u00e7\u00e3o", "autoria": "DILSON DIOCLECIO PIRES, CESAR DOS SANTOS JUNIOR, CL\u00c1UDIO RENATO BECKER., DIEGO FLORES, NILSE MARIA ALVES DE LIMA", "texto_original": "http://sapl.saosebastiaodocai.rs.leg.br/media/sapl/public/materialegislativa/2022/7351/indicacao.066.bancadas.mdb.psd.pdf", "ementa": "CM 066/22          INDICA\u00c7\u00c3O DOS VEREADORES DILSON DIOCLECIO PIRES, CESAR DOS SANTOS JUNIOR, NILSE MARIA ALVES DE LIMA, CL\u00c1UDIO RENATO BECKER E DIEGO FLORES SUGERINDO AO EXECUTIVO MUNICIPAL QUE SEJA FEITO UM ESTACIONAMENTO DENTRO DA ESCOLA ALBERTO PASQUALINI, LOCALIZADA DA RUA DA DIVIS\u00c3O, BAIRRO AREI\u00c3O, NESTE MUNIC\u00cdPIO."}, {"id": "7352", "ano": "2022", "numero": "67", "tipo__sigla": "IND", "tipo__descricao": "Indica\u00e7\u00e3o", "autoria": "DILSON DIOCLECIO PIRES, CESAR DOS SANTOS JUNIOR, CL\u00c1UDIO RENATO BECKER., DIEGO FLORES, NILSE MARIA ALVES DE LIMA", "texto_original": "http://sapl.saosebastiaodocai.rs.leg.br/media/sapl/public/materialegislativa/2022/7352/indicacao.067.bancadas.mdb.psd.pdf", "ementa": "CM 067/22          INDICA\u00c7\u00c3O DOS VEREADORES DILSON DIOCLECIO PIRES, CESAR DOS SANTOS JUNIOR, NILSE MARIA ALVES DE LIMA, CL\u00c1UDIO RENATO BECKER E DIEGO FLORES SUGERINDO AO EXECUTIVO MUNICIPAL QUE SEJA CONTRATADO UM AGENTE DE SA\u00daDE PARA ATENDER AS DEMANDAS DO BAIRRO AREI\u00c3O, NESTE MUNIC\u00cdPIO."}, {"id": "7353", "ano": "2022", "numero": "68", "tipo__sigla": "IND", "tipo__descricao": "Indica\u00e7\u00e3o", "autoria": "DILSON DIOCLECIO PIRES, CESAR DOS SANTOS JUNIOR, CL\u00c1UDIO RENATO BECKER., DIEGO FLORES, NILSE MARIA ALVES DE LIMA", "texto_original": "http://sapl.saosebastiaodocai.rs.leg.br/media/sapl/public/materialegislativa/2022/7353/indicacao.068.bancadas.mdb.psd.pdf", "ementa": "CM 068/22          INDICA\u00c7\u00c3O DOS VEREADORES DILSON DIOCLECIO PIRES, CESAR DOS SANTOS JUNIOR, NILSE MARIA ALVES DE LIMA, CL\u00c1UDIO RENATO BECKER E DIEGO FLORES SUGERINDO AO EXECUTIVO MUNICIPAL QUE SEJA CONSTRU\u00cdDA UMA PRA\u00c7A NO BAIRRO AREI\u00c3O, NESTE MUNIC\u00cdPIO."}, {"id": "7354", "ano": "2022", "numero": "69", "tipo__sigla": "IND", "tipo__descricao": "Indica\u00e7\u00e3o", "autoria": "DILSON DIOCLECIO PIRES, CESAR DOS SANTOS JUNIOR, CL\u00c1UDIO RENATO BECKER., DIEGO FLORES, NILSE MARIA ALVES DE LIMA", "texto_original": "http://sapl.saosebastiaodocai.rs.leg.br/media/sapl/public/materialegislativa/2022/7354/indicacao.069.bancadas.mdb.psd.pdf", "ementa": "CM 069/22          INDICA\u00c7\u00c3O DOS VEREADORES DILSON DIOCLECIO PIRES, CESAR DOS SANTOS JUNIOR, NILSE MARIA ALVES DE LIMA, CL\u00c1UDIO RENATO BECKER E DIEGO FLORES SUGERINDO AO EXECUTIVO MUNICIPAL QUE PROVIDENCIE A CONCLUS\u00c3O DO CAL\u00c7AMENTO NA ESTRADA DA TAFONA, NESTE MUNIC\u00cdPIO."}, {"id": "7355", "ano": "2022", "numero": "70", "tipo__sigla": "IND", "tipo__descricao": "Indica\u00e7\u00e3o", "autoria": "ANAST\u00c1CIO DA SILVA., ASIR ANDRE HARTMANN, ELSON LOPES., JO\u00c3O MARCOS DUARTE GUAR\u00c1", "texto_original": "http://sapl.saosebastiaodocai.rs.leg.br/media/sapl/public/materialegislativa/2022/7355/indicacao.070.bancadas.psdb.pp.pdf", "ementa": "CM 070/22          INDICA\u00c7\u00c3O DOS VEREADORES ASIR ANDR\u00c9 HARTMANN, ANAST\u00c1CIO DA SILVA, ELSON LOPES E JO\u00c3O MARCOS DUARTE GUAR\u00c1 SUGERINDO AO EXECUTIVO MUNICIPAL QUE SEJA COLOCADO UM QUEBRA-MOLAS OU FAIXA DE TRAVESSIA ELEVADA (LOMBO FAIXA) NAS RUAS:\r\n- RUA IVOTI (EM FRENTE \u00c0 PRA\u00c7A ALI EXISTENTE); - RUA JOSEFINA JAQUES NORONHA (NAS PROXIMIDADES DA ESCOLA); -RUA OLAVO FLORES (NA ESCOLA); RUA OSVALDO CRUZ (NA ESCOLA)."}, {"id": "7356", "ano": "2022", "numero": "71", "tipo__sigla": "IND", "tipo__descricao": "Indica\u00e7\u00e3o", "autoria": "ANAST\u00c1CIO DA SILVA., ASIR ANDRE HARTMANN, ELSON LOPES., JO\u00c3O MARCOS DUARTE GUAR\u00c1", "texto_original": "http://sapl.saosebastiaodocai.rs.leg.br/media/sapl/public/materialegislativa/2022/7356/indicacao.071.bancadas.mdb.psd.pdf", "ementa": "CM 071/22          INDICA\u00c7\u00c3O DOS VEREADORES ASIR ANDR\u00c9 HARTMANN, ANAST\u00c1CIO DA SILVA, ELSON LOPES E JO\u00c3O MARCOS DUARTE GUAR\u00c1 SUGERINDO AO EXECUTIVO MUNICIPAL: - MELHORAR SINALIZA\u00c7\u00c3O DA VIA DE TR\u00c2NSITO VERTICAL E HORIZONTAL DA AVENIDA BRUNO CASSEL; - ROTAT\u00d3RIAS NOS ACESSOS E LOCAIS DE MAIOR MOVIMENTO."}, {"id": "7357", "ano": "2022", "numero": "72", "tipo__sigla": "IND", "tipo__descricao": "Indica\u00e7\u00e3o", "autoria": "ANAST\u00c1CIO DA SILVA., ASIR ANDRE HARTMANN, ELSON LOPES., JO\u00c3O MARCOS DUARTE GUAR\u00c1", "texto_original": "http://sapl.saosebastiaodocai.rs.leg.br/media/sapl/public/materialegislativa/2022/7357/indicacao.072.bancadas.mdb.psd.pdf", "ementa": "CM 072/22          INDICA\u00c7\u00c3O DOS VEREADORES ASIR ANDR\u00c9 HARTMANN, ANAST\u00c1CIO DA SILVA, ELSON LOPES E JO\u00c3O MARCOS DUARTE GUAR\u00c1 SUGERINDO AO EXECUTIVO MUNICIPAL QUE SEJAM REALIZADAS MELHORIAS NA PRA\u00c7A DO LOTEAMENTO NOVA RIO BRANCO: - MELHORAR AS TELAS DE PROTE\u00c7\u00c3O NO CAMPO DE FUTEBOL; COLOCAR ILUMINA\u00c7\u00c3O NO CAMPO E PRA\u00c7A; MELHORAR A QUADRA DE V\u00d4LEI, REDE E MANUTEN\u00c7\u00c3O OU COLOCA\u00c7\u00c3O DE AREIA; INSTALAR NOVOS BRINQUEDOS E FAZER MANUTEN\u00c7\u00c3O DOS EXISTENTES; MANUTEN\u00c7\u00c3O PREVENTIVA."}, {"id": "7358", "ano": "2022", "numero": "73", "tipo__sigla": "IND", "tipo__descricao": "Indica\u00e7\u00e3o", "autoria": "DIEGO FLORES, CESAR DOS SANTOS JUNIOR, CL\u00c1UDIO RENATO BECKER., DILSON DIOCLECIO PIRES, NILSE MARIA ALVES DE LIMA", "texto_original": "http://sapl.saosebastiaodocai.rs.leg.br/media/sapl/public/materialegislativa/2022/7358/indicacao.073.bancadas.mdb.psd.pdf", "ementa": "CM 073/22          INDICA\u00c7\u00c3O DOS VEREADORES DIEGO FLORES, DILSON DIOCLECIO PIRES, CESAR DOS SANTOS JUNIOR, NILSE MARIA ALVES DE LIMA E CL\u00c1UDIO RENATO BECKER SUGERINDO AO EXECUTIVO MUNICIPAL QUE SEJA FEITA A LIMPEZA E CONSERTO DO MURO DE CONTEN\u00c7\u00c3O DO ARROIO COUTINHO."}, {"id": "7364", "ano": "2022", "numero": "79", "tipo__sigla": "IND", "tipo__descricao": "Indica\u00e7\u00e3o", "autoria": "ANAST\u00c1CIO DA SILVA., ASIR ANDRE HARTMANN, ELSON LOPES., JO\u00c3O MARCOS DUARTE GUAR\u00c1", "texto_original": "http://sapl.saosebastiaodocai.rs.leg.br/media/sapl/public/materialegislativa/2022/7364/indicacao.079.bancadas.psdb.pp.pdf", "ementa": "CM 079/22          INDICA\u00c7\u00c3O DOS VEREADORES ASIR ANDR\u00c9 HARTMANN, JO\u00c3O MARCOS DUARTE GUAR\u00c1, ELSON LOPES E ANAST\u00c1CIO DA SILVA SUGERINDO AO EXECUTIVO MUNICIPAL QUE SEJA REALIZADO MELHORIAS NO GIN\u00c1SIO A DO PARQUE CENTEN\u00c1RIO: MELHORAR AS TELAS DE PROTE\u00c7\u00c3O NOS VIDROS; COLOCAR NOVAS ARQUIBANCADAS; MELHORAR A QUADRA DE V\u00d4LEI, COLOCAR REDE E POSTES OFICIAIS; INSTALAR PLACAR ELETR\u00d4NICO; MANUTEN\u00c7\u00c3O PREVENTIVA; MELHORAR AS INSTALA\u00c7\u00d5ES DOS VESTI\u00c1RIOS E BANHEIROS; CONCLUIR AS INSTALA\u00c7\u00d5ES DAS DEPEND\u00caNCIAS DA LANCHERIA."}, {"id": "7369", "ano": "2022", "numero": "83", "tipo__sigla": "IND", "tipo__descricao": "Indica\u00e7\u00e3o", "autoria": "CESAR DOS SANTOS JUNIOR, CL\u00c1UDIO RENATO BECKER., DIEGO FLORES, DILSON DIOCLECIO PIRES, NILSE MARIA ALVES DE LIMA", "texto_original": "http://sapl.saosebastiaodocai.rs.leg.br/media/sapl/public/materialegislativa/2022/7369/indicacao.083.bancadas.mdb.psd.pdf", "ementa": "CM 083/22 INDICA\u00c7\u00c3O DOS VEREADORES CESAR DOS SANTOS JUNIOR, CL\u00c1UDIO RENATO BECKER, DILSON DIOCLECIO PIRES, DIEGO FLORES E NILSE MARIA ALVES DE LIMA SUGERINDO AO EXECUTIVO MUNICIPAL QUE SEJAM COLOCADOS QUEBRA-MOLAS EM TODA A EXTENS\u00c3O DA ESTRADA DO ANGICO, EM ESPECIAL EM FRENTE \u00c0 PRA\u00c7A \"TIO PUBI\", NESTE MUNIC\u00cdPIO."}, {"id": "7370", "ano": "2022", "numero": "84", "tipo__sigla": "IND", "tipo__descricao": "Indica\u00e7\u00e3o", "autoria": "CESAR DOS SANTOS JUNIOR, CL\u00c1UDIO RENATO BECKER., DIEGO FLORES, DILSON DIOCLECIO PIRES, NILSE MARIA ALVES DE LIMA", "texto_original": "http://sapl.saosebastiaodocai.rs.leg.br/media/sapl/public/materialegislativa/2022/7370/indicacao.084.bancadas.mdb.psd.pdf", "ementa": "CM 084/22 INDICA\u00c7\u00c3O DOS VEREADORES CESAR DOS SANTOS JUNIOR, CL\u00c1UDIO RENATO BECKER, DILSON DIOCLECIO PIRES, DIEGO FLORES E NILSE MARIA ALVES DE LIMA SUGERINDO AO EXECUTIVO MUNICIPAL QUE NOTIFIQUE TODOS OS PROPRIET\u00c1RIOS DOS IM\u00d3VEIS LOCALIZADOS NA RUA EDMUNDO DIEHL, NESTE MUNIC\u00cdPIO, QUE SE ENCONTRAM COM ALTA VEGETA\u00c7\u00c3O E LIXO NO PASSEIO P\u00daBLICO."}, {"id": "7371", "ano": "2022", "numero": "85", "tipo__sigla": "IND", "tipo__descricao": "Indica\u00e7\u00e3o", "autoria": "CESAR DOS SANTOS JUNIOR, CL\u00c1UDIO RENATO BECKER., DIEGO FLORES, DILSON DIOCLECIO PIRES, NILSE MARIA ALVES DE LIMA", "texto_original": "http://sapl.saosebastiaodocai.rs.leg.br/media/sapl/public/materialegislativa/2022/7371/indicacao.085.bancadas.mdb.psd.pdf", "ementa": "CM 085/22 INDICA\u00c7\u00c3O DOS VEREADORES CESAR DOS SANTOS JUNIOR, CL\u00c1UDIO RENATO BECKER, DILSON DIOCLECIO PIRES, DIEGO FLORES E NILSE MARIA ALVES DE LIMA SUGERINDO AO EXECUTIVO MUNICIPAL QUE PROVIDENCIE A LIMPEZA DOS BUEIROS DAS RUAS ESPERANTO E CACHOEIRINHA, BEM COMO ARREDORES, NESTE MUNIC\u00cdPIO."}, {"id": "7372", "ano": "2022", "numero": "86", "tipo__sigla": "IND", "tipo__descricao": "Indica\u00e7\u00e3o", "autoria": "CESAR DOS SANTOS JUNIOR, CL\u00c1UDIO RENATO BECKER., DIEGO FLORES, DILSON DIOCLECIO PIRES, NILSE MARIA ALVES DE LIMA", "texto_original": "http://sapl.saosebastiaodocai.rs.leg.br/media/sapl/public/materialegislativa/2022/7372/indicacao.086.bancadas.mdb.psd.ok.pdf", "ementa": "CM 086/22 INDICA\u00c7\u00c3O DOS VEREADORES CESAR DOS SANTOS JUNIOR, CL\u00c1UDIO RENATO BECKER, DILSON DIOCLECIO PIRES, DIEGO FLORES E NILSE MARIA ALVES DE LIMA SUGERINDO AO EXECUTIVO MUNICIPAL QUE CONCEDA INCENTIVO \u00c0 CASA DOS ARTES\u00c3OS, BEM COMO DESTINE UM NOVO LOCAL PARA A MESMA. INDICAM, TAMB\u00c9M, QUE SEJA CRIADO UM PONTO DE ATENDIMENTO AOS TURISTAS, NESTE MUNIC\u00cdPIO."}, {"id": "7373", "ano": "2022", "numero": "87", "tipo__sigla": "IND", "tipo__descricao": "Indica\u00e7\u00e3o", "autoria": "CESAR DOS SANTOS JUNIOR, CL\u00c1UDIO RENATO BECKER., DIEGO FLORES, DILSON DIOCLECIO PIRES, NILSE MARIA ALVES DE LIMA", "texto_original": "http://sapl.saosebastiaodocai.rs.leg.br/media/sapl/public/materialegislativa/2022/7373/indicacao.087.bancadas.mdb.psd.ok.pdf", "ementa": "CM 087/22 INDICA\u00c7\u00c3O DOS VEREADORES CESAR DOS SANTOS JUNIOR, CL\u00c1UDIO RENATO BECKER, DILSON DIOCLECIO PIRES, DIEGO FLORES E NILSE MARIA ALVES DE LIMA SUGERINDO AO EXECUTIVO MUNICIPAL QUE SEJAM PROVIDENCIADAS MELHORIAS NA ESTRADA DO CANTO ALEGRE - FECHAMENTO DE BURACOS, MELHORAR A PISTA, PARALELEP\u00cdPEDO, BEM COMO SEJA REALIZADO O CORTE DA VEGETA\u00c7\u00c3O E RECUPERA\u00c7\u00c3O DAS PONTES DA LOCALIDADE."}, {"id": "7374", "ano": "2022", "numero": "88", "tipo__sigla": "IND", "tipo__descricao": "Indica\u00e7\u00e3o", "autoria": "CESAR DOS SANTOS JUNIOR, CL\u00c1UDIO RENATO BECKER., DIEGO FLORES, DILSON DIOCLECIO PIRES, NILSE MARIA ALVES DE LIMA", "texto_original": "http://sapl.saosebastiaodocai.rs.leg.br/media/sapl/public/materialegislativa/2022/7374/indicacao.088.bancadas.mdb.psd.pdf", "ementa": "CM 088/22 INDICA\u00c7\u00c3O DOS VEREADORES CESAR DOS SANTOS JUNIOR, CL\u00c1UDIO RENATO BECKER, DILSON DIOCLECIO PIRES, DIEGO FLORES E NILSE MARIA ALVES DE LIMA SUGERINDO AO EXECUTIVO MUNICIPAL QUE PROVIDENCIE TRANSPORTE PARA OS ALUNOS DO CENTRO INTEGRADO NAVEGANTES."}, {"id": "7375", "ano": "2022", "numero": "89", "tipo__sigla": "IND", "tipo__descricao": "Indica\u00e7\u00e3o", "autoria": "NILSE MARIA ALVES DE LIMA", "texto_original": "http://sapl.saosebastiaodocai.rs.leg.br/media/sapl/public/materialegislativa/2022/7375/indicacao.089.bancadas.mdb.psd.pdf", "ementa": "CM 089/22 INDICA\u00c7\u00c3O DA VEREADORA NILSE MARIA ALVES DE LIMA SUGERINDO AO EXECUTIVO MUNICIPAL E \u00c0 SECRETARIA DE MEIO AMBIENTE QUE INVESTIGUEM A CAUSA DO MAU CHEIRO DO ARROIO QUE PASSA NOS FUNDOS DA F\u00c1BRICA LOCALIZADA NA RUA PE. JO\u00c3O WAGNER, 173, NA VILA PROGRESSO, NESTE MUNIC\u00cdPIO."}, {"id": "7376", "ano": "2022", "numero": "90", "tipo__sigla": "IND", "tipo__descricao": "Indica\u00e7\u00e3o", "autoria": "CESAR DOS SANTOS JUNIOR, CL\u00c1UDIO RENATO BECKER., DIEGO FLORES, DILSON DIOCLECIO PIRES, NILSE MARIA ALVES DE LIMA", "texto_original": "http://sapl.saosebastiaodocai.rs.leg.br/media/sapl/public/materialegislativa/2022/7376/indicacao.090.bancadas.mdb.psd.pdf", "ementa": "CM 090/22 INDICA\u00c7\u00c3O DOS VEREADORES CESAR DOS SANTOS JUNIOR, CL\u00c1UDIO RENATO BECKER, DILSON DIOCLECIO PIRES, DIEGO FLORES E NILSE MARIA ALVES DE LIMA SUGERINDO AO EXECUTIVO MUNICIPAL QUE SEJA PROVIDENCIADO, COM URG\u00caNCIA, O CONSERTO DO BURACO EXISTENTE NO ASFALTO DA AV. OSVALDO ARANHA, PR\u00d3XIMO AO PORT\u00c3O DE ACESSO AO PARQUE CENTEN\u00c1RIO."}, {"id": "7377", "ano": "2022", "numero": "91", "tipo__sigla": "IND", "tipo__descricao": "Indica\u00e7\u00e3o", "autoria": "CESAR DOS SANTOS JUNIOR, CL\u00c1UDIO RENATO BECKER., DIEGO FLORES, DILSON DIOCLECIO PIRES, NILSE MARIA ALVES DE LIMA", "texto_original": "http://sapl.saosebastiaodocai.rs.leg.br/media/sapl/public/materialegislativa/2022/7377/indicacao.091.bancadas.mdb.psd.pdf", "ementa": "CM 091/22 INDICA\u00c7\u00c3O DOS VEREADORES CESAR DOS SANTOS JUNIOR, CL\u00c1UDIO RENATO BECKER, DILSON DIOCLECIO PIRES, DIEGO FLORES E NILSE MARIA ALVES DE LIMA SUGERINDO AO EXECUTIVO MUNICIPAL QUE SEJAM REFOR\u00c7ADAS AS PINTURAS DE SEGURAN\u00c7A NAS RUAS 7 DE SETEMBRO COM A 13 DE MAIO, NESTE MUNIC\u00cdPIO."}, {"id": "7378", "ano": "2022", "numero": "92", "tipo__sigla": "IND", "tipo__descricao": "Indica\u00e7\u00e3o", "autoria": "CESAR DOS SANTOS JUNIOR, CL\u00c1UDIO RENATO BECKER., DIEGO FLORES, DILSON DIOCLECIO PIRES, NILSE MARIA ALVES DE LIMA", "texto_original": "http://sapl.saosebastiaodocai.rs.leg.br/media/sapl/public/materialegislativa/2022/7378/indicacao.092.bancadas.mdb.psd.pdf", "ementa": "CM 092/22 INDICA\u00c7\u00c3O DOS VEREADORES CESAR DOS SANTOS JUNIOR, CL\u00c1UDIO RENATO BECKER, DILSON DIOCLECIO PIRES, DIEGO FLORES E NILSE MARIA ALVES DE LIMA SUGERINDO AO EXECUTIVO MUNICIPAL QUE SEJAM NOTIFICADOS OS PROPRIET\u00c1RIOS DE VE\u00cdCULOS ABANDONADOS NA CIDADE, EM ESPECIAL NA RUA PORT\u00c3O E NA RUA MONTENEGRO, NO BAIRRO VILA RICA, NESTE MUNIC\u00cdPIO."}, {"id": "7379", "ano": "2022", "numero": "93", "tipo__sigla": "IND", "tipo__descricao": "Indica\u00e7\u00e3o", "autoria": "ANAST\u00c1CIO DA SILVA., ASIR ANDRE HARTMANN, ELSON LOPES., JO\u00c3O MARCOS DUARTE GUAR\u00c1", "texto_original": "http://sapl.saosebastiaodocai.rs.leg.br/media/sapl/public/materialegislativa/2022/7379/indicacao.093.bancadas.psdb.pp.pdf", "ementa": "CM 093/22 INDICA\u00c7\u00c3O DOS VEREADORES ASIR ANDR\u00c9 HARTMANN, JO\u00c3O MARCOS DUARTE GUAR\u00c1, ELSON LOPES E ANAST\u00c1CIO DA SILVA SUGERINDO AO EXECUTIVO MUNICIPAL OU SECRETARIA DE OBRAS QUE SEJA MELHORADA A SINALIZA\u00c7\u00c3O DA VIA DE TR\u00c2NSITO VERTICAL E HORIZONTAL ENTRE A RUA ADOLFO DE OLIVEIRA FLORES E A ESTRADA DO ANGICO, BEM COMO SUGEREM UMA ROTAT\u00d3RIA NO LOCAL."}, {"id": "7380", "ano": "2022", "numero": "94", "tipo__sigla": "IND", "tipo__descricao": "Indica\u00e7\u00e3o", "autoria": "ANAST\u00c1CIO DA SILVA., ASIR ANDRE HARTMANN, ELSON LOPES., JO\u00c3O MARCOS DUARTE GUAR\u00c1", "texto_original": "http://sapl.saosebastiaodocai.rs.leg.br/media/sapl/public/materialegislativa/2022/7380/indicacao.094.bancadas.psdb.pp.pdf", "ementa": "CM 094/22 INDICA\u00c7\u00c3O DOS VEREADORES ASIR ANDR\u00c9 HARTMANN, JO\u00c3O MARCOS DUARTE GUAR\u00c1, ELSON LOPES E ANAST\u00c1CIO DA SILVA SUGERINDO AO EXECUTIVO MUNICIPAL OU SECRETARIA DE OBRAS QUE SEJAM REALIZADAS MELHORIAS NA PRA\u00c7A DO LOTEAMENTO: COLOCAR ILUMINA\u00c7\u00c3O NO LOCAL DE CAMINHADA E MELHORAR A ILUMINA\u00c7\u00c3O NA PRA\u00c7A; FAZER NOVO CAMPO DE FUTEBOL DE AREIA; INSTALAR NOVOS BRINQUEDOS E FAZER MANUTEN\u00c7\u00c3O DOS EXISTENTES; MANUTEN\u00c7\u00c3O PREVENTIVA."}, {"id": "7388", "ano": "2022", "numero": "102", "tipo__sigla": "IND", "tipo__descricao": "Indica\u00e7\u00e3o", "autoria": "ANAST\u00c1CIO DA SILVA., ASIR ANDRE HARTMANN, ELSON LOPES., JO\u00c3O MARCOS DUARTE GUAR\u00c1", "texto_original": "http://sapl.saosebastiaodocai.rs.leg.br/media/sapl/public/materialegislativa/2022/7388/indicacao.102.bancadas.psdb.pp.psd.pdf", "ementa": "CM 102/22          INDICA\u00c7\u00c3O DOS VEREADORES JO\u00c3O MARCOS DUARTE GUAR\u00c1, ELSON LOPES, ASIR ANDR\u00c9 HARTMANN E ANAST\u00c1CIO DA SILVA SUGERINDO AO EXECUTIVO MUNICIPAL QUE SEJAM REALIZADAS AS MANUTEN\u00c7\u00d5ES DO CAL\u00c7AMENTO E PASSEIO P\u00daBLICO DA RUA OLAVO FLORES, NESTE MUNIC\u00cdPIO."}, {"id": "7389", "ano": "2022", "numero": "103", "tipo__sigla": "IND", "tipo__descricao": "Indica\u00e7\u00e3o", "autoria": "CESAR DOS SANTOS JUNIOR, CL\u00c1UDIO RENATO BECKER., DIEGO FLORES, NILSE MARIA ALVES DE LIMA", "texto_original": "http://sapl.saosebastiaodocai.rs.leg.br/media/sapl/public/materialegislativa/2022/7389/indicacao.103.bancadas.mdb.psd.pdf", "ementa": "CM 103/22          INDICA\u00c7\u00c3O DOS VEREADORES DIEGO FLORES, CESAR DOS SANTOS JUNIOR, CL\u00c1UDIO RENATO BECKER, DILSON DIOCLECIO PIRES E NILSE MARIA ALVES DE LIMA SUGERINDO AO EXECUTIVO MUNICIPAL QUE SEJA FEITA A PAVIMENTA\u00c7\u00c3O DE PAVS NA RUA J\u00daLIO DE CASTILHOS E TRAVESSA JOS\u00c9 LUIZ RODRIGUES, NO BAIRRO RIO BRANCO."}, {"id": "7390", "ano": "2022", "numero": "104", "tipo__sigla": "IND", "tipo__descricao": "Indica\u00e7\u00e3o", "autoria": "ANAST\u00c1CIO DA SILVA., ASIR ANDRE HARTMANN, ELSON LOPES., JO\u00c3O MARCOS DUARTE GUAR\u00c1", "texto_original": "http://sapl.saosebastiaodocai.rs.leg.br/media/sapl/public/materialegislativa/2022/7390/indicacao.104.bancadas.psdb.pp.pdf", "ementa": "CM 104/22          INDICA\u00c7\u00c3O DOS VEREADORES ASIR ANDR\u00c9 HARTMANN, JO\u00c3O MARCOS DUARTE GUAR\u00c1, ELSON LOPES E ANAST\u00c1CIO DA SILVA SUGERINDO AO EXECUTIVO MUNICIPAL OU SECRETARIA DE OBRAS QUE MELHORE A ILUMINA\u00c7\u00c3O P\u00daBLICA DA VIA DE TR\u00c2NSITO NA ESTRADA DO ANGICO EM TODA A SUA EXTENS\u00c3O."}, {"id": "7394", "ano": "2022", "numero": "108", "tipo__sigla": "IND", "tipo__descricao": "Indica\u00e7\u00e3o", "autoria": "CESAR DOS SANTOS JUNIOR, CL\u00c1UDIO RENATO BECKER., DIEGO FLORES, DILSON DIOCLECIO PIRES, NILSE MARIA ALVES DE LIMA", "texto_original": "http://sapl.saosebastiaodocai.rs.leg.br/media/sapl/public/materialegislativa/2022/7394/indicacao.108.bancadas.mdb.psd.pdf", "ementa": "CM 108/22          INDICA\u00c7\u00c3O DOS VEREADORES CESAR DOS SANTOS JUNIOR, CL\u00c1UDIO RENATO BECKER, DILSON DIOCLECIO PIRES, DIEGO FLORES E NILSE MARIA ALVES DE LIMA SUGERINDO AO PREFEITO MUNICIPAL QUE SEJA REALIZADA A CAPINA DA ESTRADA DA MA\u00c7ONARIA."}, {"id": "7399", "ano": "2022", "numero": "113", "tipo__sigla": "IND", "tipo__descricao": "Indica\u00e7\u00e3o", "autoria": "DILSON DIOCLECIO PIRES, CESAR DOS SANTOS JUNIOR, CL\u00c1UDIO RENATO BECKER., DIEGO FLORES, NILSE MARIA ALVES DE LIMA", "texto_original": "http://sapl.saosebastiaodocai.rs.leg.br/media/sapl/public/materialegislativa/2022/7399/indicacao.113.bancadas.mdb.psd.pdf", "ementa": "CM 113/22          INDICA\u00c7\u00c3O DOS VEREADORES DILSON DIOCLECIO PIRES, CESAR DOS SANTOS JUNIOR, CL\u00c1UDIO RENATO BECKER, NILSE MARIA ALVES DE LIMA E DIEGO FLORES SUGERINDO AO PREFEITO MUNICIPAL, A PEDIDO DE MORADORES, QUE SEJA COLOCADA NUMERA\u00c7\u00c3O NOS POSTES DE LUZ EXISTENTES EM TODO A EXTENS\u00c3O DA AV. DR. BRUNO CASSEL."}, {"id": "7400", "ano": "2022", "numero": "114", "tipo__sigla": "IND", "tipo__descricao": "Indica\u00e7\u00e3o", "autoria": "CESAR DOS SANTOS JUNIOR", "texto_original": "http://sapl.saosebastiaodocai.rs.leg.br/media/sapl/public/materialegislativa/2022/7400/indicacao.114.bancadamdb.asir.guara.pdf", "ementa": "CM 114/22          INDICA\u00c7\u00c3O DO VEREADOR CESAR DOS SANTOS JUNIOR, SUBSCRITO PELOS DEMAIS, SUGERINDO AO PREFEITO MUNICIPAL QUE SEJAM REALIZADAS MELHORIAS NA SEGURAN\u00c7A DA AV. DR. BRUNO CASSEL, EM FRENTE AO SUPERMERCADO LEDUR, BEM COMO REFOR\u00c7O DA SINALIZA\u00c7\u00c3O HORIZONTAL E VERTICAL, NESTE MUNIC\u00cdPIO."}, {"id": "7404", "ano": "2022", "numero": "118", "tipo__sigla": "IND", "tipo__descricao": "Indica\u00e7\u00e3o", "autoria": "ANAST\u00c1CIO DA SILVA., ASIR ANDRE HARTMANN, ELSON LOPES., JO\u00c3O MARCOS DUARTE GUAR\u00c1", "texto_original": "http://sapl.saosebastiaodocai.rs.leg.br/media/sapl/public/materialegislativa/2022/7404/indicacao.118.bancadas.psdb.pp.pdf", "ementa": "CM 118/22          INDICA\u00c7\u00c3O DOS VEREADORES JO\u00c3O MARCOS DUARTE GUAR\u00c1, ASIR ANDR\u00c9 HARTMANN, ELSON LOPES E ANAST\u00c1CIO DA SILVA SUGERINDO AO EXECUTIVO MUNICIPAL QUE SEJA INSTALADA PLACA DE IDENTIFICA\u00c7\u00c3O COM O NOME DA RUA OLAVO FLORES, BEM COMO PLACA INDICANDO TRATAR-SE DE \"RUA SEM SA\u00cdDA\", NESTE MUNIC\u00cdPIO."}, {"id": "7405", "ano": "2022", "numero": "119", "tipo__sigla": "IND", "tipo__descricao": "Indica\u00e7\u00e3o", "autoria": "ANAST\u00c1CIO DA SILVA., ASIR ANDRE HARTMANN, ELSON LOPES., JO\u00c3O MARCOS DUARTE GUAR\u00c1", "texto_original": "http://sapl.saosebastiaodocai.rs.leg.br/media/sapl/public/materialegislativa/2022/7405/indicacao.119.bancadas.psdb.pp.pdf", "ementa": "CM 119/22          INDICA\u00c7\u00c3O DOS VEREADORES JO\u00c3O MARCOS DUARTE GUAR\u00c1, ASIR ANDR\u00c9 HARTMANN, ELSON LOPES E ANAST\u00c1CIO DA SILVA SUGERINDO AO EXECUTIVO MUNICIPAL QUE SEJA REALIZADA UMA LIMPEZA EM TODAS AS BOCAS DE LOBO DO MUNIC\u00cdPIO."}, {"id": "7406", "ano": "2022", "numero": "120", "tipo__sigla": "IND", "tipo__descricao": "Indica\u00e7\u00e3o", "autoria": "ANAST\u00c1CIO DA SILVA., ASIR ANDRE HARTMANN, ELSON LOPES., JO\u00c3O MARCOS DUARTE GUAR\u00c1", "texto_original": "http://sapl.saosebastiaodocai.rs.leg.br/media/sapl/public/materialegislativa/2022/7406/indicacao.120.bancadas.psdb.pp.pdf", "ementa": "CM 120/22          INDICA\u00c7\u00c3O DOS VEREADORES JO\u00c3O MARCOS DUARTE GUAR\u00c1, ASIR ANDR\u00c9 HARTMANN, ELSON LOPES E ANAST\u00c1CIO DA SILVA SUGERINDO AO EXECUTIVO MUNICIPAL, OU SECRETARIA DE OBRAS, MELHORAR A SINALIZA\u00c7\u00c3O DA VIA DE TR\u00c2NSITO, VERTICAL E HORIZONTAL, BEM COMO A COLOCA\u00c7\u00c3O DE QUEBRA-MOLAS ENTRE A RUA ADOLFO DE OLIVEIRA FLORES E RUA PADRE JO\u00c3O WAGNER."}, {"id": "7409", "ano": "2022", "numero": "123", "tipo__sigla": "IND", "tipo__descricao": "Indica\u00e7\u00e3o", "autoria": "ANAST\u00c1CIO DA SILVA., ASIR ANDRE HARTMANN, ELSON LOPES., JO\u00c3O MARCOS DUARTE GUAR\u00c1", "texto_original": "http://sapl.saosebastiaodocai.rs.leg.br/media/sapl/public/materialegislativa/2022/7409/indicacao.123.bancadas.psdb.pp.pdf", "ementa": "CM 123/22          INDICA\u00c7\u00c3O DOS VEREADORES JO\u00c3O MARCOS DUARTE GUAR\u00c1, ELSON LOPES, ASIR ANDR\u00c9 HARTMANN E ANAST\u00c1CIO DA SILVA SUGERINDO AO EXECUTIVO MUNICIPAL AS SEGUINTES PROVID\u00caNCIAS: REVIS\u00c3O DA ILUMINA\u00c7\u00c3O P\u00daBLICA DA VIGIA, COM A TROCA DAS L\u00c2MPADAS QUEIMADAS E NECESSIDADE DE INSTALA\u00c7\u00c3O DE LUMIN\u00c1RIAS PR\u00d3XIMO \u00c0 ESCOLA; INSTALA\u00c7\u00c3O DE LUMIN\u00c1RIAS NA RUA ADOLFO SCHENCKEL, EM FRENTE AO GIDE\u00d5ES."}, {"id": "7410", "ano": "2022", "numero": "124", "tipo__sigla": "IND", "tipo__descricao": "Indica\u00e7\u00e3o", "autoria": "ANAST\u00c1CIO DA SILVA., ASIR ANDRE HARTMANN, ELSON LOPES., JO\u00c3O MARCOS DUARTE GUAR\u00c1", "texto_original": "http://sapl.saosebastiaodocai.rs.leg.br/media/sapl/public/materialegislativa/2022/7410/indicacao.124.bancadas.psdb.pp.pdf", "ementa": "CM 124/22          INDICA\u00c7\u00c3O DOS VEREADORES JO\u00c3O MARCOS DUARTE GUAR\u00c1, ELSON LOPES, ASIR ANDR\u00c9 HARTMANN E ANAST\u00c1CIO DA SILVA SUGERINDO AO EXECUTIVO MUNICIPAL QUE SEJA REALIZADA A PINTURA E SINALIZA\u00c7\u00c3O NA EXTENS\u00c3O DA RUA GARIBALDI, NAS IMEDIA\u00c7\u00d5ES DA RUA JOSEFINA JACQUES NORONHA, PARA PROIBIR O ESTACIONAMENTO NOS HOR\u00c1RIOS DE ENTRADA E SA\u00cdDA DA ESCOLA JOSEFINA JACQUES NORONHA."}, {"id": "7415", "ano": "2022", "numero": "125", "tipo__sigla": "IND", "tipo__descricao": "Indica\u00e7\u00e3o", "autoria": "CESAR DOS SANTOS JUNIOR, DILSON DIOCLECIO PIRES", "texto_original": "http://sapl.saosebastiaodocai.rs.leg.br/media/sapl/public/materialegislativa/2022/7415/indicacao.125.cesar.dilson.pdf", "ementa": "CM 125/22          INDICA\u00c7\u00c3O DOS VEREADORES CESAR DOS SANTOS JUNIOR, DILSON DIOCLECIO PIRES E  SUGERINDO AO PREFEITO MUNICIPAL QUE, O VALOR DE R$ 100.000,00 (CEM MIL REAIS) ADVINDO DE EMENDA PARLAMENTAR DO DEPUTADO VILMAR ZANCHIN, SEJA UTILIZADO PARA A REALIZA\u00c7\u00c3O DE EXAMES DE M\u00c9DIA E ALTA COMPLEXIDADE, ATRAV\u00c9S DE UM MUTIR\u00c3O DE EXAMES, DE ACORDO COM A ORDEM CRONOL\u00d3GICA, (DAS REQUISI\u00c7\u00d5ES MAIS ANTIGAS PARA AS NOVAS) E DE ACORDO COM A URG\u00caNCIA."}, {"id": "7426", "ano": "2022", "numero": "140", "tipo__sigla": "IND", "tipo__descricao": "Indica\u00e7\u00e3o", "autoria": "CESAR DOS SANTOS JUNIOR", "texto_original": "http://sapl.saosebastiaodocai.rs.leg.br/media/sapl/public/materialegislativa/2022/7426/indicacao.140.cesar.pdf", "ementa": "CM 140/22          INDICA\u00c7\u00c3O DO VEREADOR CESAR DOS SANTOS JUNIOR SUGERINDO AO PREFEITO MUNICIPAL E AO SEU SECRET\u00c1RIO DE OBRAS, AS SEGUINTES PROVID\u00caNCIAS: PARADA DE \u00d4NIBUS NA LOCALIDADE DO PARQUE CAMPESTRE II, PR\u00d3XIMO \u00c0 LIXEIRA EXISTENTE NO LOCAL, CONFORME FOTO ANEXA; QUE SEJAM REALIZADAS MELHORIAS NAS RUAS, COM PASSAGEM DE M\u00c1QUINAS, MELHORA NA ESTRUTURA DAS VIAS, COM A COLOCA\u00c7\u00c3O DE SAIBRO, E QUE SEJAM COMPACTADOS POSTERIORMENTE."}, {"id": "7427", "ano": "2022", "numero": "141", "tipo__sigla": "IND", "tipo__descricao": "Indica\u00e7\u00e3o", "autoria": "ANAST\u00c1CIO DA SILVA., ASIR ANDRE HARTMANN, ELSON LOPES., JO\u00c3O MARCOS DUARTE GUAR\u00c1", "texto_original": "http://sapl.saosebastiaodocai.rs.leg.br/media/sapl/public/materialegislativa/2022/7427/indicacao.141.bancadas.psdb.pp.pdf", "ementa": "CM 141/22          INDICA\u00c7\u00c3O DOS VEREADORES ANAST\u00c1CIO DA SILVA, JO\u00c3O MARCOS DUARTE GUAR\u00c1, ASIR HARTMANN E ELSON LOPES SUGERINDO AO EXECUTIVO MUNICIPAL, A PEDIDO DE MORADORES, QUE SEJA FEITO O CONSERTO DO PARALELEP\u00cdPEDO DAS RUAS DO LOTEAMENTO S\u00c3O SEBASTI\u00c3O, NESTE MUNIC\u00cdPIO."}, {"id": "7428", "ano": "2022", "numero": "142", "tipo__sigla": "IND", "tipo__descricao": "Indica\u00e7\u00e3o", "autoria": "ANAST\u00c1CIO DA SILVA., ASIR ANDRE HARTMANN, ELSON LOPES., JO\u00c3O MARCOS DUARTE GUAR\u00c1", "texto_original": "http://sapl.saosebastiaodocai.rs.leg.br/media/sapl/public/materialegislativa/2022/7428/indicacao.142.bancadas.psdb.pp.pdf", "ementa": "CM 142/22          INDICA\u00c7\u00c3O DOS VEREADORES ANAST\u00c1CIO DA SILVA, JO\u00c3O MARCOS DUARTE GUAR\u00c1, ASIR HARTMANN E ELSON LOPES SUGERINDO AO EXECUTIVO MUNICIPAL, A PEDIDO DE MORADORES, QUE SEJA REALIZADO O CERCAMENTO DA PRACINHA DO LOTEAMENTO S\u00c3O SEBASTI\u00c3O, NESTE MUNIC\u00cdPIO."}, {"id": "7457", "ano": "2022", "numero": "164", "tipo__sigla": "IND", "tipo__descricao": "Indica\u00e7\u00e3o", "autoria": "ANAST\u00c1CIO DA SILVA., ASIR ANDRE HARTMANN, ELSON LOPES., MAR\u00cdLIA LE\u00c3O FORTES", "texto_original": "http://sapl.saosebastiaodocai.rs.leg.br/media/sapl/public/materialegislativa/2022/7457/indicacao.164.bancadas.pp.psdb.pdf", "ementa": "CM 164/22          INDICA\u00c7\u00c3O DOS VEREADORES ANAST\u00c1CIO DA SILVA, ELSON LOPES, ASIR HARTMANN E MAR\u00cdLIA LE\u00c3O FORTES SUGERINDO AO EXECUTIVO MUNICIPAL QUE SEJA PROVIDENCIADA A RECUPERA\u00c7\u00c3O (COLOCA\u00c7\u00c3O DE REMENDOS) NO ASFALTO DAS RUAS E AVENIDAS DA \u00c1REA CENTRAL DO MUNIC\u00cdPIO, ESPECIALMENTE NA RUA TIRADENTES."}, {"id": "7451", "ano": "2022", "numero": "171", "tipo__sigla": "IND", "tipo__descricao": "Indica\u00e7\u00e3o", "autoria": "Todos Vereadores, ANAST\u00c1CIO DA SILVA., ASIR ANDRE HARTMANN, CESAR DOS SANTOS JUNIOR, CL\u00c1UDIO RENATO BECKER., DIEGO FLORES, ELSON LOPES., INGRID BORCHHARDT, MAR\u00cdLIA LE\u00c3O FORTES, NILSE MARIA ALVES DE LIMA", "texto_original": "http://sapl.saosebastiaodocai.rs.leg.br/media/sapl/public/materialegislativa/2022/7451/indicacao.171.todosvereadores.pdf", "ementa": "CM 171/22          INDICA\u00c7\u00c3O DE INICIATIVA DE TODOS OS VEREADORES, SUGERINDO AO PREFEITO MUNICIPAL O REFOR\u00c7O DA SEGURAN\u00c7A NA AVENIDA DR. BRUNO CASSEL, COM MELHORIAS NA SINALIZA\u00c7\u00c3O VERTICAL E HORIZONTAL, LOMBOFAIXAS, ROTAT\u00d3RIAS E TODOS OS MEIOS NECESS\u00c1RIOS PARA MELHOR TR\u00c1FEGO."}, {"id": "7460", "ano": "2022", "numero": "174", "tipo__sigla": "IND", "tipo__descricao": "Indica\u00e7\u00e3o", "autoria": "CESAR DOS SANTOS JUNIOR, ANAST\u00c1CIO DA SILVA., ASIR ANDRE HARTMANN, CL\u00c1UDIO RENATO BECKER., DIEGO FLORES, ELSON LOPES., INGRID BORCHHARDT, JO\u00c3O MARCOS DUARTE GUAR\u00c1, NILSE MARIA ALVES DE LIMA", "texto_original": "http://sapl.saosebastiaodocai.rs.leg.br/media/sapl/public/materialegislativa/2022/7460/indicacao.174.todosvereadores.pdf", "ementa": "CM 174/22          INDICA\u00c7\u00c3O DO VEREADOR CESAR DOS SANTOS JUNIOR, SUBSCRITA PELOS DEMAIS, SUGERINDO AO PREFEITO MUNICIPAL PARA QUE SEJA: - DISPONIBILIZADO MAIS FICHAS DE ATENDIMENTO PARA MARCA\u00c7\u00c3O DE DENTISTAS NAS UNIDADES B\u00c1SICAS DE SA\u00daDE DOS BAIRROS; - QUE SEJAM FORNECIDAS MELHORES CONDI\u00c7\u00d5ES DE TRABALHO E SUPORTE AOS DENTISTAS E T\u00c9CNICOS DE SA\u00daDE BUCAL; - QUE SEJAM CONTRATADOS/CHAMADOS EM CONCURSO MAIS DENTISTAS E T\u00c9CNICOS PARA AUXILIAR NOS TRABALHOS."}, {"id": "7461", "ano": "2022", "numero": "175", "tipo__sigla": "IND", "tipo__descricao": "Indica\u00e7\u00e3o", "autoria": "CESAR DOS SANTOS JUNIOR, CL\u00c1UDIO RENATO BECKER., DIEGO FLORES, INGRID BORCHHARDT, NILSE MARIA ALVES DE LIMA", "texto_original": "http://sapl.saosebastiaodocai.rs.leg.br/media/sapl/public/materialegislativa/2022/7461/indicacao.175.bancadasmdb.psd.pdf", "ementa": "CM 175/22          INDICA\u00c7\u00c3O DOS VEREADORES CESAR DOS SANTOS JUNIOR, CL\u00c1UDIO RENATO BECKER, DIEGO FLORES, INGRID BORCHHARDT E NILSE MARIA ALVES DE LIMA SUGERINDO AO PREFEITO MUNICIPAL QUE MELHORE AS CONDI\u00c7\u00d5ES DE TRABALHO DOS AGENTES COMUNIT\u00c1RIOS DE SA\u00daDE ATRAV\u00c9S DA QUALIFICA\u00c7\u00c3O PROFISSIONAL, NOVOS UNIFORMES , COMPRA DE TABLETS, INSER\u00c7\u00c3O DOS MESMOS NOS PLANOS DE SA\u00daDE DA UNIMED, DENTRE OUTRAS MELHORIAS NECESS\u00c1RIAS PARA VALORIZA\u00c7\u00c3O DA CATEGORIA."}, {"id": "7462", "ano": "2022", "numero": "176", "tipo__sigla": "IND", "tipo__descricao": "Indica\u00e7\u00e3o", "autoria": "CESAR DOS SANTOS JUNIOR, CL\u00c1UDIO RENATO BECKER., DIEGO FLORES, INGRID BORCHHARDT, NILSE MARIA ALVES DE LIMA", "texto_original": "http://sapl.saosebastiaodocai.rs.leg.br/media/sapl/public/materialegislativa/2022/7462/indicacao.176.bancadas.mdb.psd.pdf", "ementa": "CM 176/22          INDICA\u00c7\u00c3O DOS VEREADORES CESAR DOS SANTOS JUNIOR, CL\u00c1UDIO RENATO BECKER, DIEGO FLORES, INGRID BORCHHARDT E NILSE MARIA ALVES DE LIMA SUGERINDO AO PREFEITO MUNICIPAL QUE SEJA ADQUIRIDO OU DISPONIBILIZADO VE\u00cdCULO PARA O SETOR DE PATRIM\u00d4NIO."}, {"id": "7463", "ano": "2022", "numero": "177", "tipo__sigla": "IND", "tipo__descricao": "Indica\u00e7\u00e3o", "autoria": "CESAR DOS SANTOS JUNIOR, CL\u00c1UDIO RENATO BECKER., DIEGO FLORES, INGRID BORCHHARDT, NILSE MARIA ALVES DE LIMA", "texto_original": "http://sapl.saosebastiaodocai.rs.leg.br/media/sapl/public/materialegislativa/2022/7463/indicacao.177.bancadas.mdb.psd.pdf", "ementa": "CM 177/22          INDICA\u00c7\u00c3O DOS VEREADORES CESAR DOS SANTOS JUNIOR, CL\u00c1UDIO RENATO BECKER, DIEGO FLORES, INGRID BORCHHARDT E NILSE MARIA ALVES DE LIMA SUGERINDO AO PREFEITO MUNICIPAL QUE SEJAM FECHADOS OS BURACOS DA RUA JOS\u00c9 BONIF\u00c1CIO, NESTE MUNIC\u00cdPIO."}, {"id": "7464", "ano": "2022", "numero": "178", "tipo__sigla": "IND", "tipo__descricao": "Indica\u00e7\u00e3o", "autoria": "ANAST\u00c1CIO DA SILVA., ASIR ANDRE HARTMANN, ELSON LOPES., JO\u00c3O MARCOS DUARTE GUAR\u00c1", "texto_original": "http://sapl.saosebastiaodocai.rs.leg.br/media/sapl/public/materialegislativa/2022/7464/indicacao.178.bancadas.psdb.pp.pdf", "ementa": "CM 178/22           INDICA\u00c7\u00c3O DOS VEREADORES JO\u00c3O MARCOS DUARTE GUAR\u00c1, ASIR ANDR\u00c9 HARTMANN, ELSON LOPES E ANAST\u00c1CIO DA SILVA SUGERINDO AO EXECUTIVO MUNICIPAL QUE SEJAM REALIZADAS INSTALA\u00c7\u00d5ES DE C\u00c2MERAS DE SEGURAN\u00c7A NO PARQUE CENTEN\u00c1RIO, NESTE MUNIC\u00cdPIO."}, {"id": "7465", "ano": "2022", "numero": "179", "tipo__sigla": "IND", "tipo__descricao": "Indica\u00e7\u00e3o", "autoria": "INGRID BORCHHARDT, ANAST\u00c1CIO DA SILVA., ASIR ANDRE HARTMANN, CESAR DOS SANTOS JUNIOR, CL\u00c1UDIO RENATO BECKER., DIEGO FLORES, ELSON LOPES., JO\u00c3O MARCOS DUARTE GUAR\u00c1, NILSE MARIA ALVES DE LIMA", "texto_original": "http://sapl.saosebastiaodocai.rs.leg.br/media/sapl/public/materialegislativa/2022/7465/indicacao.179.todos_vereadores.pdf", "ementa": "CM 179/22          INDICA\u00c7\u00c3O DA VEREADORA INGRID BORCHHARDT, SUBSCRITA PELOS DEMAIS, SUGERINDO AO EXECUTIVO MUNICIPAL QUE SEJAM REMOVIDOS OS CONTAINERS DE LIXO QUE SE ENCONTRAM EM FRENTE \u00c0 ESCOLA ESTADUAL DE ENSINO M\u00c9DIO FELIPE CAMAR\u00c3O, NESTE MUNIC\u00cdPIO."}, {"id": "7470", "ano": "2022", "numero": "184", "tipo__sigla": "IND", "tipo__descricao": "Indica\u00e7\u00e3o", "autoria": "ASIR ANDRE HARTMANN, CL\u00c1UDIO RENATO BECKER., DIEGO FLORES, ELSON LOPES., ISAIAS PRESTES PEREIRA, JO\u00c3O MARCOS DUARTE GUAR\u00c1", "texto_original": "http://sapl.saosebastiaodocai.rs.leg.br/media/sapl/public/materialegislativa/2022/7470/indicacao.184.guara.isaias.claudio.asir.elson.diego.pdf", "ementa": "CM 184/22          INDICA\u00c7\u00c3O DOS VEREADORES JO\u00c3O MARCOS DUARTE GUAR\u00c1, ASIR ANDR\u00c9 HARTMANN, ELSON LOPES, ISA\u00cdAS PRESTES PEREIRA, CL\u00c1UDIO RENATO BECKER E DIEGO FLORES SUGERINDO AO EXECUTIVO MUNICIPAL, ATRAV\u00c9S DO SETOR DE ENGENHARIA, QUE SEJA VERIFICADO, JUNTO COM A EMPRESA RESPONS\u00c1VEL PELA REALIZA\u00c7\u00c3O DA OBRA ASF\u00c1LTICA NA VIGIA, A SITUA\u00c7\u00c3O DAS FALHAS NA SINALIZA\u00c7\u00c3O (PINTURAS) DA VIA."}, {"id": "7472", "ano": "2022", "numero": "186", "tipo__sigla": "IND", "tipo__descricao": "Indica\u00e7\u00e3o", "autoria": "ISAIAS PRESTES PEREIRA", "texto_original": "http://sapl.saosebastiaodocai.rs.leg.br/media/sapl/public/materialegislativa/2022/7472/indicacao.186.isaias.pdf", "ementa": "CM 186/22          INDICA\u00c7\u00c3O DO VEREADOR ISAIAS PRESTES PEREIRA SUGERINDO AO EXECUTIVO MUNICIPAL QUE SEJA REALIZADO O FECHAMENTO DA QUADRA DE ESPORTES DA ESCOLA MUNICIPAL CONCEI\u00c7\u00c3O E, AINDA, QUE SEJAM CONSTRU\u00cdDOS BANHEIROS E COZINHA NA MESMA."}, {"id": "7473", "ano": "2022", "numero": "187", "tipo__sigla": "IND", "tipo__descricao": "Indica\u00e7\u00e3o", "autoria": "ISAIAS PRESTES PEREIRA", "texto_original": "http://sapl.saosebastiaodocai.rs.leg.br/media/sapl/public/materialegislativa/2022/7473/indicacao.187.isaias.pdf", "ementa": "CM 187/22          INDICA\u00c7\u00c3O DO VEREADOR ISAIAS PRESTES PEREIRA SUGERINDO AO EXECUTIVO MUNICIPAL QUE SEJA REALIZADA A LIMPEZA DO VALO DE DRENAGEM DO CAMPO DE FUTEBOL CAMPESTRE CONCEI\u00c7\u00c3O, NESTE MUNIC\u00cdPIO."}, {"id": "7474", "ano": "2022", "numero": "188", "tipo__sigla": "IND", "tipo__descricao": "Indica\u00e7\u00e3o", "autoria": "CESAR DOS SANTOS JUNIOR, CL\u00c1UDIO RENATO BECKER., DIEGO FLORES, DILSON DIOCLECIO PIRES, NILSE MARIA ALVES DE LIMA", "texto_original": "http://sapl.saosebastiaodocai.rs.leg.br/media/sapl/public/materialegislativa/2022/7474/indicacao.188.bancadas.mdb.psd.pdf", "ementa": "CM 188/22          INDICA\u00c7\u00c3O DOS VEREADORES DILSON DIOCLECIO PIRES, CL\u00c1UDIO RENATO BECKER, DIEGO FLORES, CESAR DOS SANTOS JUNIOR E NILSE MARIA ALVES DE LIMA SUGERINDO AO EXECUTIVO MUNICIPAL QUE SEJA INSTALADO UM QUEBRA-MOLAS NA ESTRADA DA TAFONA, EM FRENTE AO ANTIGO MERCADO HOFF, NESTE MUNIC\u00cdPIO."}, {"id": "7475", "ano": "2022", "numero": "189", "tipo__sigla": "IND", "tipo__descricao": "Indica\u00e7\u00e3o", "autoria": "CESAR DOS SANTOS JUNIOR, DILSON DIOCLECIO PIRES, NILSE MARIA ALVES DE LIMA", "texto_original": "http://sapl.saosebastiaodocai.rs.leg.br/media/sapl/public/materialegislativa/2022/7475/indicacao.189.cesar.dilson.nilse.pdf", "ementa": "CM 189/22          INDICA\u00c7\u00c3O DO VEREADOR CESAR DOS SANTOS JUNIOR, SUBSCRITO PELOS VEREADORES DILSON DIOCLECIO PIRES E NILSE MARIA ALVES DE LIMA, SUGERINDO AO PREFEITO MUNICIPAL QUE SEJA IMPLEMENTADO PROJETO, NOS MOLDES APRESENTADOS AINDA EM MEADOS DE 2021, PELA PSIC\u00d3LOGA PATRINI RAIMUNDO, PARA INCENTIVAR POL\u00cdTICAS P\u00daBLICAS VOLTADAS AO P\u00daBLICO LGBTQIA+, CONFORME ANEXO."}, {"id": "7476", "ano": "2022", "numero": "190", "tipo__sigla": "IND", "tipo__descricao": "Indica\u00e7\u00e3o", "autoria": "CESAR DOS SANTOS JUNIOR, CL\u00c1UDIO RENATO BECKER., DIEGO FLORES, DILSON DIOCLECIO PIRES, JO\u00c3O MARCOS DUARTE GUAR\u00c1, NILSE MARIA ALVES DE LIMA", "texto_original": "http://sapl.saosebastiaodocai.rs.leg.br/media/sapl/public/materialegislativa/2022/7476/indicacao.190.cesar.claudio.dilson.nilse.diego.guara.pdf", "ementa": "CM 190/22          INDICA\u00c7\u00c3O DO VEREADOR CESAR DOS SANTOS JUNIOR, SUBSCRITO PELOS VEREADORES CL\u00c1UDIO RENATO BECKER, DIEGO FLORES, DILSON DIOCLECIO PIRES, NILSE MARIA ALVES DE LIMA E JO\u00c3O MARCOS DUARTE GUAR\u00c1, SUGERINDO AO PREFEITO MUNICIPAL QUE SEJA PAGO AOS AGENTES COMUNIT\u00c1RIOS DE SA\u00daDE O NOVO PISO NACIONAL DA CATEGORIA, CONFORME C\u00d3PIA DE P\u00daBLICA\u00c7\u00c3O DO DI\u00c1RIO OFICIAL DA UNI\u00c3O EM ANEXO."}, {"id": "7477", "ano": "2022", "numero": "191", "tipo__sigla": "IND", "tipo__descricao": "Indica\u00e7\u00e3o", "autoria": "ISAIAS PRESTES PEREIRA", "texto_original": "http://sapl.saosebastiaodocai.rs.leg.br/media/sapl/public/materialegislativa/2022/7477/indicacao.191.isaias.pdf", "ementa": "CM 191/22          INDICA\u00c7\u00c3O DO VEREADOR ISAIAS PRESTES PEREIRA SUGERINDO AO EXECUTIVO MUNICIPAL QUE SEJA FEITA LIMPEZA E REPARO DE BOCA DE LOBO NA RUA O, NO BAIRRO S\u00c3O MARTIM, NESTE MUNIC\u00cdPIO."}, {"id": "7478", "ano": "2022", "numero": "192", "tipo__sigla": "IND", "tipo__descricao": "Indica\u00e7\u00e3o", "autoria": "ISAIAS PRESTES PEREIRA", "texto_original": "http://sapl.saosebastiaodocai.rs.leg.br/media/sapl/public/materialegislativa/2022/7478/indicacao.192.isaias.pdf", "ementa": "CM 192/22          INDICA\u00c7\u00c3O DO VEREADOR ISAIAS PRESTES PEREIRA SUGERINDO AO EXECUTIVO MUNICIPAL QUE SEJA PROVIDENCIADA A PINTURA DO ASFALTO DA AV. NELSON HOFF, NO BAIRRO CONCEI\u00c7\u00c3O, BEM COMO A PINTURA DO CORRIM\u00c3O DA PONTE DO ARROIO, PR\u00d3XIMA A PRACINHA, LOCALIZADA NA ESTRADA DO CAMPESTRE CONCEI\u00c7\u00c3O, NESTE MUNIC\u00cdPIO."}, {"id": "7483", "ano": "2022", "numero": "197", "tipo__sigla": "IND", "tipo__descricao": "Indica\u00e7\u00e3o", "autoria": "ISAIAS PRESTES PEREIRA", "texto_original": "http://sapl.saosebastiaodocai.rs.leg.br/media/sapl/public/materialegislativa/2022/7483/indicacao.197.isaias.pdf", "ementa": "CM 197/22          INDICA\u00c7\u00c3O DO VEREADOR ISAIAS PRESTES PEREIRA SUGERINDO AO EXECUTIVO MUNICIPAL QUE SEJA REALIZADO O ALARGAMENTO E PAVIMENTA\u00c7\u00c3O DA RUA MANOEL OL\u00cdCIO PEREIRA, BAIRRO AREI\u00c3O, NESTE MUNIC\u00cdPIO."}, {"id": "7484", "ano": "2022", "numero": "198", "tipo__sigla": "IND", "tipo__descricao": "Indica\u00e7\u00e3o", "autoria": "ISAIAS PRESTES PEREIRA", "texto_original": "http://sapl.saosebastiaodocai.rs.leg.br/media/sapl/public/materialegislativa/2022/7484/indicacao.198.isaias.pdf", "ementa": "CM 198/22          INDICA\u00c7\u00c3O DO VEREADOR ISAIAS PRESTES PEREIRA SUGERINDO AO EXECUTIVO MUNICIPAL QUE SEJA REALIZADA A AMPLIA\u00c7\u00c3O E PAVIMENTA\u00c7\u00c3O EM PAVS NA RUA MORRO DA FUMA\u00c7A, CAMPESTRE CONCEI\u00c7\u00c3O, NESTE MUNIC\u00cdPIO."}, {"id": "7490", "ano": "2022", "numero": "204", "tipo__sigla": "IND", "tipo__descricao": "Indica\u00e7\u00e3o", "autoria": "ASIR ANDRE HARTMANN, CL\u00c1UDIO RENATO BECKER., DIEGO FLORES, ELSON LOPES., JO\u00c3O MARCOS DUARTE GUAR\u00c1", "texto_original": "http://sapl.saosebastiaodocai.rs.leg.br/media/sapl/public/materialegislativa/2022/7490/indicacao.204.guara.asir.elson.claudio.diego.pdf", "ementa": "CM 204/22 INDICA\u00c7\u00c3O, DE INICIATIVA DOS VEREADORES JO\u00c3O MARCOS DUARTE GUAR\u00c1, ASIR ANDR\u00c9 HARTMANN, ELSON POLES, CLAUDIO RENATO BECKER E DIEGO FLORES, SUGERINDO AO EXECUTIVO MUNICIPAL QUE SEJA REALIZADA SINALIZA\u00c7\u00c3O (PINTURA) NA RUA JOSEFINA JAQUES NORONHA, NA ALTURA DA SA\u00cdDA DA ESCOLA JOSEFINA, NESTE MUNIC\u00cdPIO."}, {"id": "7495", "ano": "2022", "numero": "209", "tipo__sigla": "IND", "tipo__descricao": "Indica\u00e7\u00e3o", "autoria": "ANAST\u00c1CIO DA SILVA., ASIR ANDRE HARTMANN, ELSON LOPES., JO\u00c3O MARCOS DUARTE GUAR\u00c1", "texto_original": "http://sapl.saosebastiaodocai.rs.leg.br/media/sapl/public/materialegislativa/2022/7495/indicacao.209.bancadas.psdb.pp.pdf", "ementa": "CM 209/22     INDICA\u00c7\u00c3O DOS VEREADORES ANAST\u00c1CIO DA SILVA, JO\u00c3O MARCOS DUARTE GUAR\u00c1, ASIR HARTMANN E ELSON LOPES SUGERINDO AO EXECUTIVO MUNICIPAL QUE SEJA REALIZADO O CONSERTO DO TELHADO DO CENTRO INTEGRADO NAVEGANTES, NESTE MUNIC\u00cdPIO."}, {"id": "7496", "ano": "2022", "numero": "210", "tipo__sigla": "IND", "tipo__descricao": "Indica\u00e7\u00e3o", "autoria": "NILSE MARIA ALVES DE LIMA, ANAST\u00c1CIO DA SILVA., ASIR ANDRE HARTMANN, CESAR DOS SANTOS JUNIOR, CL\u00c1UDIO RENATO BECKER., DIEGO FLORES, DILSON DIOCLECIO PIRES, ELSON LOPES., JO\u00c3O MARCOS DUARTE GUAR\u00c1", "texto_original": "http://sapl.saosebastiaodocai.rs.leg.br/media/sapl/public/materialegislativa/2022/7496/indicacao.210.todosvereadores.pdf", "ementa": "CM 210/22          INDICA\u00c7\u00c3O DA VEREADORA NILSE MARIA ALVES DE LIMA, SUBSCRITO PELOS DEMAIS, SUGERINDO AO EXECUTIVO MUNICIPAL E \u00c0 SECRETARIA DE EDUCA\u00c7\u00c3O QUE SEJA ESTUDADA A POSSIBILIDADE DE SEREM OFERECIDAS AULAS DE REFOR\u00c7O DE MATEM\u00c1TICA E PORTUGU\u00caS NAS ESCOLAS MUNICIPAIS, NESTE MUNIC\u00cdPIO."}, {"id": "7507", "ano": "2022", "numero": "219", "tipo__sigla": "IND", "tipo__descricao": "Indica\u00e7\u00e3o", "autoria": "CESAR DOS SANTOS JUNIOR, ANAST\u00c1CIO DA SILVA., CL\u00c1UDIO RENATO BECKER., DIEGO FLORES, DILSON DIOCLECIO PIRES, ELSON LOPES., JO\u00c3O MARCOS DUARTE GUAR\u00c1, NILSE MARIA ALVES DE LIMA", "texto_original": "http://sapl.saosebastiaodocai.rs.leg.br/media/sapl/public/materialegislativa/2022/7507/indicacao.219.bancadas.mdb.psd.psdb.pp.pdf", "ementa": "CM 219/22          INDICA\u00c7\u00c3O DO VEREADOR CESAR DOS SANTOS JUNIOR, SUBSCRITO PELOS DEMAIS, SUGERINDO AO PREFEITO MUNICIPAL QUE SEJA REALIZADA PARCERIA COM A BRIGADA MILITAR E GUARDA MUNICIPAL PARA QUE SEJA INSTALADO POSTO DE POL\u00cdCIA NO BAIRRO S\u00c3O MARTIM, NESTE MUNIC\u00cdPIO."}, {"id": "7513", "ano": "2022", "numero": "226", "tipo__sigla": "IND", "tipo__descricao": "Indica\u00e7\u00e3o", "autoria": "CESAR DOS SANTOS JUNIOR, CL\u00c1UDIO RENATO BECKER., DIEGO FLORES, DILSON DIOCLECIO PIRES, NILSE MARIA ALVES DE LIMA", "texto_original": "http://sapl.saosebastiaodocai.rs.leg.br/media/sapl/public/materialegislativa/2022/7513/indicacao.226.bancadas.mdb.psd.pdf", "ementa": "CM 226/22          INDICA\u00c7\u00c3O DOS VEREADORES DILSON DIOCLECIO PIRES, CL\u00c1UDIO RENATO BECKER, DIEGO FLORES, CESAR DOS SANTOS JUNIOR E NILSE MARIA ALVES DE LIMA SUGERINDO AO EXECUTIVO MUNICIPAL QUE SEJA REALIZADA A COLOCA\u00c7\u00c3O DE CANOS PARA O ESCOAMENTO DA \u00c1GUA NA ESTRADA MORRO SCHNEIDER, N\u00ba 1200, NESTE MUNIC\u00cdPIO."}, {"id": "7514", "ano": "2022", "numero": "227", "tipo__sigla": "IND", "tipo__descricao": "Indica\u00e7\u00e3o", "autoria": "CESAR DOS SANTOS JUNIOR, CL\u00c1UDIO RENATO BECKER., DIEGO FLORES, DILSON DIOCLECIO PIRES, NILSE MARIA ALVES DE LIMA", "texto_original": "http://sapl.saosebastiaodocai.rs.leg.br/media/sapl/public/materialegislativa/2022/7514/indicacao.227.bancadas.mdb.psd.pdf", "ementa": "CM 227/22          INDICA\u00c7\u00c3O DOS VEREADORES DILSON DIOCLECIO PIRES, CL\u00c1UDIO RENATO BECKER, DIEGO FLORES, CESAR DOS SANTOS JUNIOR E NILSE MARIA ALVES DE LIMA SUGERINDO AO EXECUTIVO MUNICIPAL QUE SEJA FEITO UM ABRIGO PARA A PARADA DE \u00d4NIBUS LOCALIZADA NA ESTRADA DA TAFONA, N\u00ba 540, NESTE MUNIC\u00cdPIO."}, {"id": "7516", "ano": "2022", "numero": "228", "tipo__sigla": "IND", "tipo__descricao": "Indica\u00e7\u00e3o", "autoria": "ASIR ANDRE HARTMANN", "texto_original": "http://sapl.saosebastiaodocai.rs.leg.br/media/sapl/public/materialegislativa/2022/7516/indicacao.228.asir.pdf", "ementa": "CM 228/22          INDICA\u00c7\u00c3O DO VEREADOR ASIR HARTMANN SUGERINDO AO EXECUTIVO MUNICIPAL, OU SECRETARIA DE EDUCA\u00c7\u00c3O, CULTURA, TURISMO E DESPORTO QUE SEJA ATENDIDA AS DIRETRIZES EXISTENTES NA LEI MUNICIPAL N\u00ba 1983, DE 25 DE ABRIL DE 1997, PARA IMPLANTA\u00c7\u00c3O E ESTRUTURA\u00c7\u00c3O DO CONSELHO MUNICIPAL DO ESPORTE (CMD) COM AS ADEQUA\u00c7\u00d5ES QUE O EXECUTIVO ENTENDER PERTINENTES."}, {"id": "7522", "ano": "2022", "numero": "234", "tipo__sigla": "IND", "tipo__descricao": "Indica\u00e7\u00e3o", "autoria": "CESAR DOS SANTOS JUNIOR, CL\u00c1UDIO RENATO BECKER., DIEGO FLORES, DILSON DIOCLECIO PIRES, NILSE MARIA ALVES DE LIMA", "texto_original": "http://sapl.saosebastiaodocai.rs.leg.br/media/sapl/public/materialegislativa/2022/7522/indicacao.234.bancadas.mdb.psd.pdf", "ementa": "CM 234/22          INDICA\u00c7\u00c3O DOS VEREADORES CESAR DOS SANTOS JUNIOR, DILSON DIOCLECIO PIRES, CL\u00c1UDIO RENATO BECKER, DIEGO FLORES E NILSE MARIA A. DE LIMA SUGERINDO AO PREFEITO MUNICIPAL QUE SEJA REALIZADO O FECHAMENTO DE BURACO NA RUA TIRADENTES , PR\u00d3XIMO \u00c0 MEC\u00c2NICA LERNER, CONFORME INEG\u00c1VEL IMAGEM ANEXA."}, {"id": "7523", "ano": "2022", "numero": "235", "tipo__sigla": "IND", "tipo__descricao": "Indica\u00e7\u00e3o", "autoria": "CESAR DOS SANTOS JUNIOR, CL\u00c1UDIO RENATO BECKER., DIEGO FLORES, DILSON DIOCLECIO PIRES, NILSE MARIA ALVES DE LIMA", "texto_original": "http://sapl.saosebastiaodocai.rs.leg.br/media/sapl/public/materialegislativa/2022/7523/indicacao.235.bancadas.mdb.psd.pdf", "ementa": "CM 235/22          INDICA\u00c7\u00c3O DOS VEREADORES CESAR DOS SANTOS JUNIOR, DILSON DIOCLECIO PIRES, CL\u00c1UDIO RENATO BECKER, DIEGO FLORES E NILSE MARIA A. DE LIMA SUGERINDO AO PREFEITO MUNICIPAL QUE SEJA REALIZADO O FECHAMENTO DE BURACOS NA RUA GET\u00daLIO VARGAS, NESTE MUNIC\u00cdPIO."}, {"id": "7524", "ano": "2022", "numero": "236", "tipo__sigla": "IND", "tipo__descricao": "Indica\u00e7\u00e3o", "autoria": "CESAR DOS SANTOS JUNIOR, CL\u00c1UDIO RENATO BECKER., DIEGO FLORES, DILSON DIOCLECIO PIRES, NILSE MARIA ALVES DE LIMA", "texto_original": "http://sapl.saosebastiaodocai.rs.leg.br/media/sapl/public/materialegislativa/2022/7524/indicacao.236.bancadas.mdb.psd.pdf", "ementa": "CM 236/22          INDICA\u00c7\u00c3O DOS VEREADORES CESAR DOS SANTOS JUNIOR, DILSON DIOCLECIO PIRES, CL\u00c1UDIO RENATO BECKER, DIEGO FLORES E NILSE MARIA A. DE LIMA SUGERINDO AO PREFEITO MUNICIPAL QUE SEJA REALIZADO O FECHAMENTO DE BUEIRO JUNTO \u00c0 PARADA DE \u00d4NIBUS DO CEMIT\u00c9RIO MUNICIPAL, CONFORME IMAGEM ANEXA."}, {"id": "7533", "ano": "2022", "numero": "238", "tipo__sigla": "IND", "tipo__descricao": "Indica\u00e7\u00e3o", "autoria": "CESAR DOS SANTOS JUNIOR, CL\u00c1UDIO RENATO BECKER., DIEGO FLORES, DILSON DIOCLECIO PIRES, NILSE MARIA ALVES DE LIMA", "texto_original": "http://sapl.saosebastiaodocai.rs.leg.br/media/sapl/public/materialegislativa/2022/7533/indicacao.238.bancadas.mdb.psd.pdf", "ementa": "CM 238/22          INDICA\u00c7\u00c3O DOS VEREADORES CESAR DOS SANTOS JUNIOR, CL\u00c1UDIO RENATO BECKER, DIEGO FLORES, DILSON DIOCLECIO PIRES E NILSE MARIA ALVES DE LIMA SUGERINDO AO PREFEITO MUNICIPAL E SEU SECRET\u00c1RIO DE OBRAS QUE SEJAM REALIZADAS AS SEGUINTES MELHORIAS NO PARQUE CAMPESTRE: SEJAM INSTALADAS LUMIN\u00c1RIAS NOS POSTES DA RUA JACARAND\u00c1S; SEJA REALIZADA A TROCA DE L\u00c2MPADAS DA ESTRADA DA MEIA ENCOSTA E REVISADAS AS L\u00c2MPADAS QUEIMADAS NO LOCAL; SEJA COLOCADO RASPA DE ASFALTO NA RUA GUAJUVIRAS."}, {"id": "7534", "ano": "2022", "numero": "239", "tipo__sigla": "IND", "tipo__descricao": "Indica\u00e7\u00e3o", "autoria": "CESAR DOS SANTOS JUNIOR, ANAST\u00c1CIO DA SILVA., ASIR ANDRE HARTMANN, CL\u00c1UDIO RENATO BECKER., DIEGO FLORES, DILSON DIOCLECIO PIRES, ELSON LOPES., JO\u00c3O MARCOS DUARTE GUAR\u00c1, NILSE MARIA ALVES DE LIMA", "texto_original": "http://sapl.saosebastiaodocai.rs.leg.br/media/sapl/public/materialegislativa/2022/7534/indicacao.239.todosvereadores.pdf", "ementa": "CM 239/22          INDICA\u00c7\u00c3O DO VEREADOR CESAR DOS SANTOS JUNIOR, SUBSCRITO PELOS DEMAIS, SUGERINDO AO PREFEITO MUNICIPAL E SEU SECRETARIADO QUE SEJAM INCLUSOS NO PROJETO DE REVITALIZA\u00c7\u00c3O DA POPULARMENTE CONHECIDA \"PRA\u00c7A DA SANTINHA\" A CONSTRU\u00c7\u00c3O DE BANHEIROS PARA CULTO RELIGIOSO DAS RELIGI\u00d5ES DE MATRIZ AFRICANA."}, {"id": "7535", "ano": "2022", "numero": "240", "tipo__sigla": "IND", "tipo__descricao": "Indica\u00e7\u00e3o", "autoria": "CESAR DOS SANTOS JUNIOR, ANAST\u00c1CIO DA SILVA., ASIR ANDRE HARTMANN, CL\u00c1UDIO RENATO BECKER., DIEGO FLORES, DILSON DIOCLECIO PIRES, JO\u00c3O MARCOS DUARTE GUAR\u00c1, NILSE MARIA ALVES DE LIMA", "texto_original": "http://sapl.saosebastiaodocai.rs.leg.br/media/sapl/public/materialegislativa/2022/7535/indicacao.240.cesar.guara.nilse.diego.asir.tacio.dilson.claudio.pdf", "ementa": "CM 240/22          INDICA\u00c7\u00c3O DO VEREADOR CESAR DOS SANTOS JUNIOR, SUBSCRITO PELOS DEMAIS, SUGERINDO AO PREFEITO MUNICIPAL E SUA EQUIPE DE TECNOLOGIA DA INFORMA\u00c7\u00c3O (TI) QUE REALIZEM O REPARO DO WI-FI DO PARQUE CENTEN\u00c1RIO, NESTE MUNIC\u00cdPIO."}, {"id": "7537", "ano": "2022", "numero": "249", "tipo__sigla": "IND", "tipo__descricao": "Indica\u00e7\u00e3o", "autoria": "CESAR DOS SANTOS JUNIOR, ANAST\u00c1CIO DA SILVA., ASIR ANDRE HARTMANN, CL\u00c1UDIO RENATO BECKER., DIEGO FLORES, DILSON DIOCLECIO PIRES, ELSON LOPES., JO\u00c3O MARCOS DUARTE GUAR\u00c1, NILSE MARIA ALVES DE LIMA", "texto_original": "http://sapl.saosebastiaodocai.rs.leg.br/media/sapl/public/materialegislativa/2022/7537/indicacao.249.todosvereadores.pdf", "ementa": "CM 249/22          INDICA\u00c7\u00c3O DO VEREADOR CESAR DOS SANTOS JUNIOR, SUBSCRITO PELOS DEMAIS, SUGERINDO AO PREFEITO MUNICIPAL E SUA SECRET\u00c1RIA DE SA\u00daDE, NEIVA DOS SANTOS, PARA QUE PROVIDENCIEM MELHORES CONDI\u00c7\u00d5ES PARA O ATENDIMENTO NO POSTO DE SA\u00daDE DO BAIRRO NAVEGANTES, NESTE MUNIC\u00cdPIO."}, {"id": "7539", "ano": "2022", "numero": "251", "tipo__sigla": "IND", "tipo__descricao": "Indica\u00e7\u00e3o", "autoria": "CESAR DOS SANTOS JUNIOR", "texto_original": "http://sapl.saosebastiaodocai.rs.leg.br/media/", "ementa": "CM 251/22          INDICA\u00c7\u00c3O DO VEREADOR CESAR DOS SANTOS JUNIOR, SUBSCRITO PELOS DEMAIS, SUGERINDO AO PREFEITO MUNICIPAL QUE A TRAVESSA DA PAZ SEJA DE M\u00c3O \u00daNICA (SENTIDO TREZE DE MAIO PARA A HENRIQUE D'\u00c1VILA), NESTE MUNIC\u00cdPIO."}, {"id": "7540", "ano": "2022", "numero": "252", "tipo__sigla": "IND", "tipo__descricao": "Indica\u00e7\u00e3o", "autoria": "CESAR DOS SANTOS JUNIOR, CL\u00c1UDIO RENATO BECKER., DIEGO FLORES, NILSE MARIA ALVES DE LIMA", "texto_original": "http://sapl.saosebastiaodocai.rs.leg.br/media/sapl/public/materialegislativa/2022/7540/indicacao.252.bancadas.mdb.psd.pdf", "ementa": "CM 252/22          INDICA\u00c7\u00c3O DOS VEREADORES NILSE MARIA ALVES DE LIMA, CESAR DOS SANTOS JUNIOR, DIEGO FLORES, DILSON DIOCLECIO PIRES E CL\u00c1UDIO RENATO BECKER SUGERINDO AO EXECUTIVO MUNICIPAL QUE SEJA COLOCADO CONTAINERS (DOIS NO M\u00cdNIMO) PARA ARMAZENAMENTO DO LIXO NO FINAL DA RUA S\u00c3O LOUREN\u00c7O, PR\u00d3XIMO AO BAR DO BOLINHA, NO BAIRRO NAVEGANTES, NESTE MUNIC\u00cdPIO."}, {"id": "7543", "ano": "2022", "numero": "255", "tipo__sigla": "IND", "tipo__descricao": "Indica\u00e7\u00e3o", "autoria": "CESAR DOS SANTOS JUNIOR, DILSON DIOCLECIO PIRES, NILSE MARIA ALVES DE LIMA", "texto_original": "http://sapl.saosebastiaodocai.rs.leg.br/media/sapl/public/materialegislativa/2022/7543/indicacao.255.cesar.nilse.dilson.pdf", "ementa": "CM 255/22          INDICA\u00c7\u00c3O DO VEREADOR CESAR DOS SANTOS JUNIOR, SUBSCRITO PELOS DEMAIS, SUGERINDO AO SENHOR PREFEITO MUNICIPAL QUE REALIZE A ALTERA\u00c7\u00c3O DA LEI 3.991, DE 18 DE JULHO DE 2017, SUBSTITUINDO O PROGRAMA NACIONAL DE MELHORIA DO ACESSO E DA QUALIDADE DA ATEN\u00c7\u00c3O B\u00c1SICA (PMAQ-AB) PELO PROGRAMA DE INCENTIVO FINANCEIRO DA ATEN\u00c7\u00c3O PRIM\u00c1RIA \u00c0 SA\u00daDE POR DESEMPENHO, PARA QUE O RECURSO ADVINDO DO MINIST\u00c9RIO DA SA\u00daDE SEJA UTILIZADO PARA PAGAMENTO DE PROFISSIONAIS E INVESTIMENTO NA ATEN\u00c7\u00c3O B\u00c1SICA."}, {"id": "7544", "ano": "2022", "numero": "256", "tipo__sigla": "IND", "tipo__descricao": "Indica\u00e7\u00e3o", "autoria": "CESAR DOS SANTOS JUNIOR, CL\u00c1UDIO RENATO BECKER., DIEGO FLORES, DILSON DIOCLECIO PIRES, JO\u00c3O MARCOS DUARTE GUAR\u00c1, NILSE MARIA ALVES DE LIMA", "texto_original": "http://sapl.saosebastiaodocai.rs.leg.br/media/sapl/public/materialegislativa/2022/7544/indicacao.256.cesar.nilse.claudio.dilson.diego.guara.pdf", "ementa": "CM 256/22          INDICA\u00c7\u00c3O DO VEREADOR CESAR DOS SANTOS JUNIOR, SUBSCRITO PELOS DEMAIS, SUGERINDO AO PREFEITO MUNICIPAL QUE SEJA PINTADA VAGA DE CARGA E DESCARGA EM UMA VAGA OLB\u00cdQUA EM FRENTE \u00c0 LOJA GERMANOS, NA RUA MAL. DEODORO DA FONSECA, NESTE MUNIC\u00cdPIO."}, {"id": "7545", "ano": "2022", "numero": "257", "tipo__sigla": "IND", "tipo__descricao": "Indica\u00e7\u00e3o", "autoria": "CESAR DOS SANTOS JUNIOR, CL\u00c1UDIO RENATO BECKER., DIEGO FLORES, DILSON DIOCLECIO PIRES, NILSE MARIA ALVES DE LIMA", "texto_original": "http://sapl.saosebastiaodocai.rs.leg.br/media/sapl/public/materialegislativa/2022/7545/indicaco.257.bancadas.mdb.psd.pdf", "ementa": "CM 257/22          INDICA\u00c7\u00c3O DOS VEREADORES CESAR DOS SANTOS JUNIOR, CL\u00c1UDIO RENATO BECKER, DIEGO FLORES, DILSON DIOCLECIO PIRES E NILSE MARIA ALVES DE LIMA SUGERINDO AO PREFEITO MUNICIPAL QUE SEJA COLOCADA PLACA PROIBINDO A COLOCA\u00c7\u00c3O DE LIXO E A REFERIDA LEI COM AS PENALIDADES NA ESTRADA DJALMO PEDRO KLEIN (FUNDOS DO EST\u00c1DIO ALTANEIRO)."}, {"id": "7553", "ano": "2022", "numero": "265", "tipo__sigla": "IND", "tipo__descricao": "Indica\u00e7\u00e3o", "autoria": "CESAR DOS SANTOS JUNIOR, CL\u00c1UDIO RENATO BECKER., DIEGO FLORES, DILSON DIOCLECIO PIRES, NILSE MARIA ALVES DE LIMA", "texto_original": "http://sapl.saosebastiaodocai.rs.leg.br/media/sapl/public/materialegislativa/2022/7553/indicacao.265.bancadas.mdb.psd.pdf", "ementa": "CM 265/22          INDICA\u00c7\u00c3O DOS VEREADORES NILSE MARIA ALVES DE LIMA, DILSON DIOCLECIO PIRES, CL\u00c1UDIO RENATO BECKER, DIEGO FLORES E CESAR DOS SANTOS JUNIOR, SUGERINDO AO EXECUTIVO MUNICIPAL QUE SEJA REAVALIADA AS VAGAS DE MOTO QUE SE ENCONTRAM EM FRENTE AO BANCO DO BRASIL, LOJA GERMANOS E O BOTIC\u00c1RIO, AMBAS NA RUA MARECHAL DEODORO DA FONSECA, NESTE MUNIC\u00cdPIO."}, {"id": "7554", "ano": "2022", "numero": "266", "tipo__sigla": "IND", "tipo__descricao": "Indica\u00e7\u00e3o", "autoria": "ANAST\u00c1CIO DA SILVA., ASIR ANDRE HARTMANN, ELSON LOPES., JO\u00c3O MARCOS DUARTE GUAR\u00c1", "texto_original": "http://sapl.saosebastiaodocai.rs.leg.br/media/sapl/public/materialegislativa/2022/7554/indicacao.266.bancadas.psdb.pp.pdf", "ementa": "CM 266/22          INDICA\u00c7\u00c3O DOS VEREADORES JO\u00c3O MARCOS DUARTE GUAR\u00c1, ASIR HARTMANN, ANAST\u00c1CIO DA SILVA E ELSON LOPES SUGERINDO AO EXECUTIVO MUNICIPAL QUE SEJA REALIZADA A REPOSI\u00c7\u00c3O DA AREIA E MANUTEN\u00c7\u00c3O DA QUADRA DA PRACINHA DO LOTEAMETO MORADA DO VALE, BAIRRO VILA RICA, BEM COMO MANUTEN\u00c7\u00c3O DA PARTE EL\u00c9TRICA DO QUIOSQUE, NESTE MUNIC\u00cdPIO."}, {"id": "7561", "ano": "2022", "numero": "273", "tipo__sigla": "IND", "tipo__descricao": "Indica\u00e7\u00e3o", "autoria": "ANAST\u00c1CIO DA SILVA., ELSON LOPES., JO\u00c3O MARCOS DUARTE GUAR\u00c1, CESAR DOS SANTOS JUNIOR, CL\u00c1UDIO RENATO BECKER., DIEGO FLORES, DILSON DIOCLECIO PIRES, NILSE MARIA ALVES DE LIMA", "texto_original": "http://sapl.saosebastiaodocai.rs.leg.br/media/sapl/public/materialegislativa/2022/7561/indicacao.273.elson.guara.bancadasmdb.psd.pp.pdf", "ementa": "CM 273/22          INDICA\u00c7\u00c3O DOS VEREADORES JO\u00c3O MARCOS DUARTE GUAR\u00c1, ASIR HARTMANN, ELSON LOPES E ANAST\u00c1CIO DA SILVA, SUBSCRITA PELOS DEMAIS, SUGERINDO AO EXECUTIVO MUNICIPAL QUE SEJA REALIZADO UM REFIS EM 2023."}, {"id": "7562", "ano": "2022", "numero": "274", "tipo__sigla": "IND", "tipo__descricao": "Indica\u00e7\u00e3o", "autoria": "DIEGO FLORES, JO\u00c3O MARCOS DUARTE GUAR\u00c1, ANAST\u00c1CIO DA SILVA., CESAR DOS SANTOS JUNIOR, CL\u00c1UDIO RENATO BECKER., DILSON DIOCLECIO PIRES, ELSON LOPES., NILSE MARIA ALVES DE LIMA", "texto_original": "http://sapl.saosebastiaodocai.rs.leg.br/media/sapl/public/materialegislativa/2022/7562/indicacao.274.guara.elson.pdf", "ementa": "CM 274 /22          INDICA\u00c7\u00c3O DOS VEREADORES JO\u00c3O MARCOS DUARTE GUAR\u00c1 E DIEGO FLORES, SUBSCRITO PELOS DEMAIS, SUGERINDO AO EXECUTIVO MUNICIPAL QUE SEJA ELADORADO UM PROJETO DE LEI - ATERRO PARA TODOS, CONFORME ANEXO."}, {"id": "7564", "ano": "2022", "numero": "276", "tipo__sigla": "IND", "tipo__descricao": "Indica\u00e7\u00e3o", "autoria": "CESAR DOS SANTOS JUNIOR, CL\u00c1UDIO RENATO BECKER., DIEGO FLORES, DILSON DIOCLECIO PIRES, NILSE MARIA ALVES DE LIMA", "texto_original": "http://sapl.saosebastiaodocai.rs.leg.br/media/sapl/public/materialegislativa/2022/7564/indicacao.276.bancadas.mdb.psd.pdf", "ementa": "CM 276/22          INDICA\u00c7\u00c3O DOS VEREADORES DILSON DIOCLECIO PIRES, CESAR DOS SANTOS JUNIOR, CL\u00c1UDIO RENATO BECKER, NILSE MARIA ALVES DE LIMA E DIEGO FLORES SUGERINDO AO EXECUTIVO MUNICIPAL QUE SEJAM SUBSTITU\u00cdDAS AS LIXEIRAS POR CONTAINERS, NA TRAVESSA DA TAFONA, N\u00baS 400 E 396."}, {"id": "7565", "ano": "2022", "numero": "277", "tipo__sigla": "IND", "tipo__descricao": "Indica\u00e7\u00e3o", "autoria": "ANAST\u00c1CIO DA SILVA., ASIR ANDRE HARTMANN, ELSON LOPES., JO\u00c3O MARCOS DUARTE GUAR\u00c1", "texto_original": "http://sapl.saosebastiaodocai.rs.leg.br/media/sapl/public/materialegislativa/2022/7565/indicacao.277.bancadas.psdb.pp.pdf", "ementa": "CM 277/22          INDICA\u00c7\u00c3O DOS VEREADORES JO\u00c3O MARCOS DUARTE GUAR\u00c1, ELSON LOPES, ANAST\u00c1CIO DA SILVA E ASIR HARTMANN SUGERINDO AO EXECUTIVO MUNICIPAL QUE SEJA COLOCADA UMA PLACA COM O NOME DO GIN\u00c1SIO LOCALIZADO NO BAIRRO RIO BRANCO, CONFORME DETERMINA A LEI 3.077, DE 25 DE AGOSTO DE 2009."}, {"id": "7583", "ano": "2022", "numero": "295", "tipo__sigla": "IND", "tipo__descricao": "Indica\u00e7\u00e3o", "autoria": "CESAR DOS SANTOS JUNIOR, ANAST\u00c1CIO DA SILVA., ASIR ANDRE HARTMANN, CL\u00c1UDIO RENATO BECKER., DILSON DIOCLECIO PIRES, ELSON LOPES., JO\u00c3O MARCOS DUARTE GUAR\u00c1, NILSE MARIA ALVES DE LIMA", "texto_original": "http://sapl.saosebastiaodocai.rs.leg.br/media/sapl/public/materialegislativa/2022/7583/indicacao.295.cesar.dilson.nilse.claudio.tacio.guara.elson.asir.pdf", "ementa": "CM 295/22          INDICA\u00c7\u00c3O DO VEREADOR CESAR DOS SANTOS JUNIOR, SUBSCRITO PELOS DEMAIS, SUGERINDO AO PREFEITO MUNICIPAL E SEU SECRET\u00c1RIO DE OBRAS QUE REALIZEM A VISTORIA DE \u00c1RVORE NA LOCALIDADE DO PINHEIRINHO, PR\u00d3XIMO AS MARGENS DA RS 122, AO LADO DA PARADA DE \u00d4NIBUS."}, {"id": "7590", "ano": "2022", "numero": "302", "tipo__sigla": "IND", "tipo__descricao": "Indica\u00e7\u00e3o", "autoria": "Todos Vereadores", "texto_original": "http://sapl.saosebastiaodocai.rs.leg.br/media/sapl/public/materialegislativa/2022/7590/indicacao.302.todos.vereadores.pdf", "ementa": "CM 302/22         INDICA\u00c7\u00c3O DE TODOS OS VEREADORES SUGERINDO AO EXECUTIVO MUNICIPAL QUE PARTE DO VALOR DA DEVOLU\u00c7\u00c3O DO DUOD\u00c9CIMO DE 2022 SEJA UTILIZADO, ESPECIFICAMENTE, DA SEGUINTE FORMA: - R$ 100.000,00 MIL REAIS NA REALIZA\u00c7\u00c3O DE EXAMES DE ALTA COMPLEXIDADE; - R$ 50.000,00 MIL REAIS NA COLOCA\u00c7\u00c3O DE TOLDO EM FRENTE \u00c0 SECRETARIA DA SA\u00daDE; - R$ 50.000,00 MIL REAIS NA AQUISI\u00c7\u00c3O DE CAMAS HOSPITALARES, COLCH\u00d5ES, CADEIRAS DE RODAS, ANDADORES, CADEIRAS DE BANHO E MULETAS PARA ASSIST\u00caNCIA SOCIAL."}, {"id": "7450", "ano": "2022", "numero": "170", "tipo__sigla": "MOA", "tipo__descricao": "Mo\u00e7\u00e3o de Apoio", "autoria": "ANAST\u00c1CIO DA SILVA., ASIR ANDRE HARTMANN, CESAR DOS SANTOS JUNIOR, CL\u00c1UDIO RENATO BECKER., DIEGO FLORES, ELSON LOPES., INGRID BORCHHARDT, MAR\u00cdLIA LE\u00c3O FORTES, NILSE MARIA ALVES DE LIMA", "texto_original": "http://sapl.saosebastiaodocai.rs.leg.br/media/sapl/public/materialegislativa/2022/7450/requerimento.170.todos.vereadores.pdf", "ementa": "CM 170/22          MO\u00c7\u00c3O DE APOIO DE INICIATIVA DO VEREADOR CESAR DOS SANTOS JUNIOR, SUBSCRITA POR DEMAIS, PROPONDO MO\u00c7\u00c3O DE APOIO \u00c0 OAB/RS - SUBSE\u00c7\u00c3O S\u00c3O SEBASTI\u00c3O DO CA\u00cd, PELO DIF\u00cdCIL MOMENTO QUE ENFRENTAM PARA ADMINSITRA\u00c7\u00c3O E MANUTEN\u00c7\u00c3O DE SEUS SERVI\u00c7OS E DE SUA SEDE."}, {"id": "7420", "ano": "2022", "numero": "134", "tipo__sigla": "MOC", "tipo__descricao": "Mo\u00e7\u00e3o de Congratula\u00e7\u00f5es", "autoria": "CESAR DOS SANTOS JUNIOR", "texto_original": "http://sapl.saosebastiaodocai.rs.leg.br/media/sapl/public/materialegislativa/2022/7420/requerimento.134.todosvereadores.pdf", "ementa": "CM 134/22          REQUERIMENTO DE INICIATIVA DO VEREADOR CESAR DOS SANTOS JUNIOR,SUBSCRITO PELOS DEMAIS, PROPONDO QUE,OUVIDO O PLEN\u00c1RIO, SEJA ENTREGUE A SENHORA FAB\u00cdOLA TONIAL UMA MO\u00c7\u00c3O DE CONGRATULA\u00c7\u00d5ES PELOS RELEVANTES SERVI\u00c7OS PRESTADOS \u00c0 COMUNIDADE DE S\u00c3O SEBASTI\u00c3O DO CA\u00cd."}, {"id": "7431", "ano": "2022", "numero": "145", "tipo__sigla": "MOC", "tipo__descricao": "Mo\u00e7\u00e3o de Congratula\u00e7\u00f5es", "autoria": "ANAST\u00c1CIO DA SILVA., ASIR ANDRE HARTMANN, CESAR DOS SANTOS JUNIOR, CL\u00c1UDIO RENATO BECKER., DIEGO FLORES, DILSON DIOCLECIO PIRES, ELSON LOPES., JO\u00c3O MARCOS DUARTE GUAR\u00c1, NILSE MARIA ALVES DE LIMA", "texto_original": "http://sapl.saosebastiaodocai.rs.leg.br/media/sapl/public/materialegislativa/2022/7431/requerimento.145.todosvereadores.pdf", "ementa": "CM 145/22          REQUERIMENTO, DE INICIATIVA DE TODOS OS VEREADORES, PROPONDO QUE, OUVIDO O PLEN\u00c1RIO, EM REGIME DE URG\u00caNCIA, SEJA ENTREGUE AO SENHOR GILBERTO IRINEU SANDER UMA MO\u00c7\u00c3O DE CONGRATULA\u00c7\u00d5ES COMO FORMA DE RECONHECIMENTO POR SE TORNAR CAMPE\u00c3O ESTADUAL DE PROVA DE R\u00c9DEA VETERANO, NO ANO DE 2019, CAMPEONATO QUE OCORREU NA 31\u00ba FECARS - FESTA CAMPEIRA DO RS E T\u00cdTULO ESSE QUE O CLASSIFICOU PARA O RODEIO NACIONAL, OCORRIDO EM CRICI\u00daMA/SC, NO ANO DE 2022, ONDE CONQUISTOU O VICE-CAMPEONATO BRASILEIRO. TAMB\u00c9M POR TER SIDO CAMPE\u00c3O DO ESTADO NA PROVA DE R\u00c9DEA VETERANO, NA 32\u00ba FECARS, PELO SEGUNDO ANO CONSECUTIVO E, AINDA, PELA CONQUISTA DE UMA VAGA PARA REPRESENTAR O ESTADO DO RIO GRANDE DO SUL NO PARAN\u00c1/PR, EM 2023."}, {"id": "7432", "ano": "2022", "numero": "146", "tipo__sigla": "MOC", "tipo__descricao": "Mo\u00e7\u00e3o de Congratula\u00e7\u00f5es", "autoria": "ANAST\u00c1CIO DA SILVA., ASIR ANDRE HARTMANN, CESAR DOS SANTOS JUNIOR, CL\u00c1UDIO RENATO BECKER., DIEGO FLORES, DILSON DIOCLECIO PIRES, ELSON LOPES., JO\u00c3O MARCOS DUARTE GUAR\u00c1, NILSE MARIA ALVES DE LIMA", "texto_original": "http://sapl.saosebastiaodocai.rs.leg.br/media/sapl/public/materialegislativa/2022/7432/requerimento.146.todosvereadores.pdf", "ementa": "CM 146/22          REQUERIMENTO, DE INICIATIVA DE TODOS OS VEREADORES, PROPONDO QUE, OUVIDO O PLEN\u00c1RIO, EM REGIME DE URG\u00caNCIA, SEJA ENTREGUE AO SENHOR GIOVANI DE AZEVEDO ANDRADE UMA MO\u00c7\u00c3O DE CONGRATULA\u00c7\u00d5ES COMO FORMA DE RECONHECIMENTO POR TER CONQUISTADO O 1\u00ba LUGAR NO LA\u00c7O PE\u00c3O FARROUPILHA."}, {"id": "7503", "ano": "2022", "numero": "147", "tipo__sigla": "MOC", "tipo__descricao": "Mo\u00e7\u00e3o de Congratula\u00e7\u00f5es", "autoria": "CESAR DOS SANTOS JUNIOR, ANAST\u00c1CIO DA SILVA., ASIR ANDRE HARTMANN, CL\u00c1UDIO RENATO BECKER., DIEGO FLORES, DILSON DIOCLECIO PIRES, ELSON LOPES., JO\u00c3O MARCOS DUARTE GUAR\u00c1, NILSE MARIA ALVES DE LIMA", "texto_original": "http://sapl.saosebastiaodocai.rs.leg.br/media/sapl/public/materialegislativa/2022/7503/requerimento.215.todosvereadores.pdf", "ementa": "CM 215/22          REQUERIMENTO DE INICIATIVA DO VEREADOR CESAR DOS SANTOS JUNIOR, SUBSCRITO PELOS DEMAIS, PROPONDO QUE, OUVIDO O PLEN\u00c1RIO, EM REGIME DE URG\u00caNCIA, SEJA ENVIADO UM VOTO DE CONGRATULA\u00c7\u00d5ES \u00c0 EMPRESA CONSERVAS ODERICH PELOS 114 ANOS DE ATIVIDADES EM S\u00c3O SEBASTI\u00c3O DO CA\u00cd, COMPLETADOS EM 08 DE AGOSTO DE 2022."}, {"id": "7582", "ano": "2022", "numero": "294", "tipo__sigla": "MOC", "tipo__descricao": "Mo\u00e7\u00e3o de Congratula\u00e7\u00f5es", "autoria": "ANAST\u00c1CIO DA SILVA., ASIR ANDRE HARTMANN, CESAR DOS SANTOS JUNIOR, CL\u00c1UDIO RENATO BECKER., DILSON DIOCLECIO PIRES, ELSON LOPES., JO\u00c3O MARCOS DUARTE GUAR\u00c1, NILSE MARIA ALVES DE LIMA", "texto_original": "http://sapl.saosebastiaodocai.rs.leg.br/media/sapl/public/materialegislativa/2022/7582/requerimento.mocao.congratulacoes.294.todosvereadores.pdf", "ementa": "CM 294/22          REQUERIMENTO DE INICIATIVA DE TODOS OS VEREADORES, EM REGIME DE URG\u00caNCIA, PROPONDO QUE, OUVIDO O PLEN\u00c1RIO, SEJA ENTREGUE \u00c0 EMPRESA 'CASA ADAM' UMA MO\u00c7\u00c3O DE CONGRATULA\u00c7\u00d5ES PELA PASSAGEM DO SEU ANIVER\u00c1RIO DE 80 ANOS."}, {"id": "7310", "ano": "2022", "numero": "25", "tipo__sigla": "MOR", "tipo__descricao": "Mo\u00e7\u00e3o de Rep\u00fadio", "autoria": "Vereadores", "texto_original": "http://sapl.saosebastiaodocai.rs.leg.br/media/sapl/public/materialegislativa/2022/7310/requerimento.025.todosvereadores.pdf", "ementa": "CM 025/22         REQUERIMENTO DE INICIATIVA DO VEREADOR CESAR DOS SANTOS JUNIOR, SUBSCRITO PELOS DEMAIS, PROPONDO QUE, OUVIDO O PLEN\u00c1RIO, SEJA ENVIADA UMA MO\u00c7\u00c3O DE REP\u00daDIO \u00c0 PORTARIA 350 DA SECRETARIA ESTADUAL DA EDUCA\u00c7\u00c3O QUE TRATA DA NOVA ORGANIZA\u00c7\u00c3O CURRICULAR DO ENSINO FUNDAMENTAL E DO ENSINO M\u00c9DIO DA REDE P\u00daBLICA ESTADUAL PARA O ANO DE 2022, DEVENDO SER ENVIADO C\u00d3PIA AO GABINETE DO GOVERNADOR DO ESTADO, AO PRESIDENTE DA ASSEMBLEIA LEGISLATIVA DO ESTADO, AO GABINETE DA SECRETARIA ESTADUAL DA EDUCA\u00c7\u00c3O, AO CONSELHO ESTADUAL DE EDUCA\u00c7\u00c3O, AO CPERS SINDICATO E AO CONSELHO REGIONAL DE EDUCA\u00c7\u00c3O F\u00cdSICA."}, {"id": "7311", "ano": "2022", "numero": "26", "tipo__sigla": "MOR", "tipo__descricao": "Mo\u00e7\u00e3o de Rep\u00fadio", "autoria": "Vereadores", "texto_original": "http://sapl.saosebastiaodocai.rs.leg.br/media/sapl/public/materialegislativa/2022/7311/requerimento.026.cesar.asir.nilse.claudio.dilson.pdf", "ementa": "CM 026/22          REQUERIMENTO DE INICIATIVA DO VEREADOR CESAR DOS SANTOS JUNIOR , SUBSCRITO PELOS DEMAIS, PROPONDO QUE, OUVIDO O PLEN\u00c1RIO, SEJA ENVIADA UMA MO\u00c7\u00c3O DE REP\u00daDIO AO PROJETO DE LEI 5544/2020, QUE TRAMITA NO CONGRESSO NACIONAL, QUE TRATA DA AUTORIZA\u00c7\u00c3O DA CA\u00c7A ESPORTIVA NO BRASIL, DEVENDO SER ENVIADO C\u00d3PIA AO GABINETE DA PRESID\u00caNCIA DA C\u00c2MARA DOS DEPUTADOS, AO GABINETE DO PRESIDENTE DO SENADO E \u00c0 COMIS\u00c3O DE MEIO AMBIENTE E DESENVOLVIMENTO SUSTENT\u00c1VEL E GABINETE DE SUA RESPECTIVA PRESIDENTE DEPUTADA CARLA ZAMBELLI (PSL/SP)."}, {"id": "7489", "ano": "2022", "numero": "203", "tipo__sigla": "MOR", "tipo__descricao": "Mo\u00e7\u00e3o de Rep\u00fadio", "autoria": "CESAR DOS SANTOS JUNIOR", "texto_original": "http://sapl.saosebastiaodocai.rs.leg.br/media/sapl/public/materialegislativa/2022/7489/requerimento.mocao.repudio.203.retirado.pdf", "ementa": "CM 203/22          MO\u00c7\u00c3O DE REP\u00daDIO, DE INICIATIVA DO VEREADOR CESAR DOS SANTOS JUNIOR, SUBSCRITO PELOS DEMAIS, \u00c0 PROPOSTA DE FECHAMENTO DA UERGS (UNIVERSIDADE ESTADUAL DO RIO GRANDE DO SUL) - CAMPUS MONTENEGRO, PELO GOVERNO DO ESTADO, DEVENDO SER ENVIADO C\u00d3PIA AO GABINETE DA SECRET\u00c1RIA ESTADUAL DA EDUCA\u00c7\u00c3O, SRA. RAQUEL TEIXEIRA, AO GABINETE DO GOVERNADOR DO ESTADO E \u00c0 COMISS\u00c3O DE EDUCA\u00c7\u00c3O, CULTURA, DESPORTO, CI\u00caNCIA E TECNOLOGIA DA ASSEMBLEIA LEGISLATIVA DO RIO GRANDE DO SUL."}, {"id": "7512", "ano": "2022", "numero": "225", "tipo__sigla": "PDL", "tipo__descricao": "Projeto de Decreto Legislativo", "autoria": "ANAST\u00c1CIO DA SILVA., ASIR ANDRE HARTMANN, CESAR DOS SANTOS JUNIOR, CL\u00c1UDIO RENATO BECKER., DIEGO FLORES, DILSON DIOCLECIO PIRES, ELSON LOPES., JO\u00c3O MARCOS DUARTE GUAR\u00c1, NILSE MARIA ALVES DE LIMA", "texto_original": "http://sapl.saosebastiaodocai.rs.leg.br/media/sapl/public/materialegislativa/2022/7512/projeto.225.outorga.titulo.de.cidadao.caiense.a.adelio.menegaz.pdf", "ementa": "CM 225/22          PROJETO DE DECRETO LEGISLATIVO, DE INICIATIVA DE TODOS OS VEREADORES, QUE OUTORGA O T\u00cdTULO DE \"CIDAD\u00c3O CAIENSE\" A AD\u00c9LIO MENEGAZ."}, {"id": "7552", "ano": "2022", "numero": "264", "tipo__sigla": "PDL", "tipo__descricao": "Projeto de Decreto Legislativo", "autoria": "ANAST\u00c1CIO DA SILVA., CESAR DOS SANTOS JUNIOR, DILSON DIOCLECIO PIRES, JO\u00c3O MARCOS DUARTE GUAR\u00c1, NILSE MARIA ALVES DE LIMA", "texto_original": "http://sapl.saosebastiaodocai.rs.leg.br/media/sapl/public/materialegislativa/2022/7552/projeto.decreto.legislativo.264.aprovacontasexercicio2019.pdf", "ementa": "CM 264/22          PROJETO DE DECRETO LEGISLATIVO, DE INICIATIVA DA COMISS\u00c3O GERAL DE PARECERES, QUE APROVA AS CONTAS DE GOVERNO DO PODER EXECUTIVO DO MUNIC\u00cdPIO DE S\u00c3O SEBASTI\u00c3O DO CA\u00cd RELATIVAS AO EXERC\u00cdCIO DE 2019."}, {"id": "7573", "ano": "2022", "numero": "285", "tipo__sigla": "PLC", "tipo__descricao": "Projeto de Lei Complementar", "autoria": "Poder Executivo", "texto_original": "http://sapl.saosebastiaodocai.rs.leg.br/media/sapl/public/materialegislativa/2022/7573/projeto.lei_complementar.executivo.001.retirado.pdf", "ementa": "PLC 001/2022 - CM 285/22          PROJETO DE LEI COMPLEMENTAR DO EXECUTIVO MUNICIPAL QUE ALTERA DISPOSITIVOS DA LEI COMPLEMENTAR N\u00ba 4.390, DE 21 DE DEZEMBDRO DE 2021, QUE ESTABELECE O C\u00d3DIGO TRIBUT\u00c1RIO DO MUNIC\u00cdPIO DE S\u00c3O SEBASTI\u00c3O DO CA\u00cd , CONSOLIDA A LEGISLA\u00c7\u00c3O TRIBUT\u00c1RIA E D\u00c1 OUTRAS PROVID\u00caNCIAS."}, {"id": "7580", "ano": "2022", "numero": "292", "tipo__sigla": "PLC", "tipo__descricao": "Projeto de Lei Complementar", "autoria": "Poder Executivo", "texto_original": "http://sapl.saosebastiaodocai.rs.leg.br/media/sapl/public/materialegislativa/2022/7580/projeto.executivo.leicomplementar.002.pdf", "ementa": "PLC 002/2022 - CM 292/22          PROJETO DE LEI COMPLEMENTAR DO EXECUTIVO MUNICIPAL QUE ALTERA DISPOSITIVOS DA LEI COMPLEMENTAR N\u00ba 4.390, DE 21 DE DEZEMBRO DE 2021, QUE ESTABELECE O C\u00d3DIGO TRIBUT\u00c1RIO DO MUNIC\u00cdPIO DE S\u00c3O SEBASTI\u00c3O DO CA\u00cd, CONSOLIDA A LEGISLA\u00c7\u00c3O TRIBUT\u00c1RIA E D\u00c1 OUTRAS PROVID\u00caNCIAS."}, {"id": "7287", "ano": "2022", "numero": "1", "tipo__sigla": "PLO", "tipo__descricao": "Projeto de Lei Ordin\u00e1ria", "autoria": "Poder Executivo", "texto_original": "http://sapl.saosebastiaodocai.rs.leg.br/media/sapl/public/materialegislativa/2022/7287/projeto.executivo.001.pdf", "ementa": "PM 001/2022 - CM 001/21 PROJETO DE LEI DO EXECUTIVO MUNICIPAL QUE CONCEDE REVIS\u00c3O GERAL ANUAL - ART. 37, X, CF - AOS VENCIMENTOS DOS SERVIDORES, AOS PROVENTOS E AS PENS\u00d5ES DOS APOSENTADOS E PENSIONISTAS DO PODER EXECUTIVO QUE ESPECIFICA, AL\u00c9M DE DAR OUTRAS PROVID\u00caNCIAS."}, {"id": "7288", "ano": "2022", "numero": "2", "tipo__sigla": "PLO", "tipo__descricao": "Projeto de Lei Ordin\u00e1ria", "autoria": "Poder Executivo", "texto_original": "http://sapl.saosebastiaodocai.rs.leg.br/media/sapl/public/materialegislativa/2022/7288/projeto.executivo.002.pdf", "ementa": "PM 002/2022 - CM 002/22 PROJETO DE LEI DO EXECUTIVO MUNICIPAL QUE ALTERA REDA\u00c7\u00c3O DA LEI MUNICIPAL N\u00ba 3.185, DE 27 DE ABRIL DE 2010, QUE DISP\u00d5E SOBRE O EST\u00c1GIO DE ESTUDANTES EM \u00d3RG\u00c3OS DA ADMINISTRA\u00c7\u00c3O MUNICIPAL."}, {"id": "7289", "ano": "2022", "numero": "3", "tipo__sigla": "PLO", "tipo__descricao": "Projeto de Lei Ordin\u00e1ria", "autoria": "Poder Executivo", "texto_original": "http://sapl.saosebastiaodocai.rs.leg.br/media/sapl/public/materialegislativa/2022/7289/projeto.executivo.003.retirado.pdf", "ementa": "PM 003/2022 - CM 003/22 PROJETO DE LEI DO EXECUTIVO MUNICIPAL QUE ALTERA DISPOSITIVOS DA LEI MUNICIPAL N\u00ba 2.600, QUE DISP\u00d5E SOBRE O QUADRO DE CARGOS E FUN\u00c7\u00d5ES P\u00daBLICAS DO MUNIC\u00cdPIO; ESTABELECE O PLANO DE CARREIRA DOS SERVIDORES E D\u00c1 OUTRAS PROVID\u00caNCIAS."}, {"id": "7290", "ano": "2022", "numero": "4", "tipo__sigla": "PLO", "tipo__descricao": "Projeto de Lei Ordin\u00e1ria", "autoria": "Poder Executivo", "texto_original": "http://sapl.saosebastiaodocai.rs.leg.br/media/sapl/public/materialegislativa/2022/7290/projeto.executivo.004.pdf", "ementa": "PM 004/2022 - CM 004/22 PROJETO DE LEI DO EXECUTIVO MUNICIPAL QUE DISP\u00d5E SOBRE A CONCESS\u00c3O DE VALES-REFEI\u00c7\u00c3O AOS SERVIDORES MUNICIPAIS E D\u00c1 OUTRAS PROVID\u00caNCIAS."}, {"id": "7291", "ano": "2022", "numero": "5", "tipo__sigla": "PLO", "tipo__descricao": "Projeto de Lei Ordin\u00e1ria", "autoria": "Poder Executivo", "texto_original": "http://sapl.saosebastiaodocai.rs.leg.br/media/sapl/public/materialegislativa/2022/7291/projeto.executivo.005.pdf", "ementa": "PM 005/2022 - CM 005/22 PROJETO DE LEI DO EXECUTIVO MUNICIPAL QUE ALTERA REDA\u00c7\u00c3O DO ARTIGO 3\u00ba DA LEI MUNICIPAL N\u00ba 4.043, DE 10 DE ABRIL DE 2018, QUE CRIA GRATIFICA\u00c7\u00c3O POR ATIVIDADE DE NATUREZA ESPECIAL PARA MOTORISTAS DA SECRETARIA MUNICIPAL DA SA\u00daDE E DA FAM\u00cdLIA QUE EXER\u00c7AM SUAS FUN\u00c7\u00d5ES NO TRANSPORTE DE PASSAGEIROS (PACIENTES) E D\u00c1 OUTRAS PROVID\u00caNCIAS."}, {"id": "7292", "ano": "2022", "numero": "6", "tipo__sigla": "PLO", "tipo__descricao": "Projeto de Lei Ordin\u00e1ria", "autoria": "Poder Executivo", "texto_original": "http://sapl.saosebastiaodocai.rs.leg.br/media/sapl/public/materialegislativa/2022/7292/projeto.executivo.006.pdf", "ementa": "PM 006/2022 - CM 006/22 PROJETO DE LEI DO EXECUTIVO MUNICIPAL QUE ALTERA REDA\u00c7\u00c3O DO CAPUT DO ARTIGO 28 DA LEI MUNICIPAL N\u00ba 2.923, DE 04 DE ABRIL DE 2008, QUE ESTABELECE O PLANO DE CARREIRA DO MAGIST\u00c9RIO."}, {"id": "7293", "ano": "2022", "numero": "7", "tipo__sigla": "PLO", "tipo__descricao": "Projeto de Lei Ordin\u00e1ria", "autoria": "Poder Executivo", "texto_original": "http://sapl.saosebastiaodocai.rs.leg.br/media/sapl/public/materialegislativa/2022/7293/projeto.executivo.007.retirado.pdf", "ementa": "PM 007/2022 - CM 007/22 PROJETO DE LEI DO EXECUTIVO MUNICIPAL QUE CRIA GRATIFICA\u00c7\u00d5ES PARA SERVIDORES EFETIVOS NO \u00c2MBITO DO PODER EXECUTIVO DO MUNIC\u00cdPIO DE S\u00c3O SEBASTI\u00c3O DO CA\u00cd E D\u00c1 OUTRAS PROVID\u00caNCIAS."}, {"id": "7294", "ano": "2022", "numero": "8", "tipo__sigla": "PLO", "tipo__descricao": "Projeto de Lei Ordin\u00e1ria", "autoria": "Poder Executivo", "texto_original": "http://sapl.saosebastiaodocai.rs.leg.br/media/sapl/public/materialegislativa/2022/7294/projeto.executivo.008.pdf", "ementa": "PM 008/2022 - CM 008/22 PROJETO DE LEI DO EXECUTIVO MUNICIPAL QUE ALTERA O INCISO I E INCLUI O PAR\u00c1GRAFO SEGUNDO NO ARTIGO 10 DA LEI MUNICIPAL N\u00ba 4.015, DE 28 DE NOVEMBRO DE 2017, QUE INSTITUI O FUNDO DE ASSIST\u00caNCIA A SA\u00daDE DO SERVIDOR P\u00daBLICO MUNICIPAL E D\u00c1 OUTRAS PROVID\u00caNCIAS."}, {"id": "7295", "ano": "2022", "numero": "9", "tipo__sigla": "PLO", "tipo__descricao": "Projeto de Lei Ordin\u00e1ria", "autoria": "Poder Executivo", "texto_original": "http://sapl.saosebastiaodocai.rs.leg.br/media/sapl/public/materialegislativa/2022/7295/projeto.executivo.009.pdf", "ementa": "PM 009/2022 - CM 009/22 PROJETO DE LEI DO EXECUTIVO MUNICIPAL QUE AUTORIZA O EXECUTIVO MUNICIPAL A CONTRATAR PESSOAL - MONITOR DE EDUCA\u00c7\u00c3O INFANTIL - POR PRAZO DETERMINADO EM CAR\u00c1TER EMERGENCIAL."}, {"id": "7296", "ano": "2022", "numero": "10", "tipo__sigla": "PLO", "tipo__descricao": "Projeto de Lei Ordin\u00e1ria", "autoria": "Poder Executivo", "texto_original": "http://sapl.saosebastiaodocai.rs.leg.br/media/sapl/public/materialegislativa/2022/7296/projeto.executivo.010.pdf", "ementa": "PM 010/2022 - CM 010/22 PROJETO DE LEI DO EXECUTIVO MUNICIPAL QUE AUTORIZA O EXECUTIVO MUNICIPAL A CONTRATAR PESSOAL - ENGENHEIRO CIVIL - POR PRAZO DETERMINADO EM CAR\u00c1TER EMERGENCIAL."}, {"id": "7298", "ano": "2022", "numero": "11", "tipo__sigla": "PLO", "tipo__descricao": "Projeto de Lei Ordin\u00e1ria", "autoria": "Mesa Diretora", "texto_original": "http://sapl.saosebastiaodocai.rs.leg.br/media/sapl/public/materialegislativa/2022/7298/projeto.011.revisao_geral_anual_prefeito_e_vice-prefeito.pdf", "ementa": "CM 011/22 PROJETO DE LEI, DA MESA DIRETORA, QUE CONCEDE REVIS\u00c3O GERAL ANUAL PARA O SUBS\u00cdDIO DO PREFEITO MUNICIPAL E PARA O SUBS\u00cdDIO DO VICE-PREFEITO."}, {"id": "7297", "ano": "2022", "numero": "12", "tipo__sigla": "PLO", "tipo__descricao": "Projeto de Lei Ordin\u00e1ria", "autoria": "Mesa Diretora", "texto_original": "http://sapl.saosebastiaodocai.rs.leg.br/media/sapl/public/materialegislativa/2022/7297/projeto.012.revisao_geral_anual_secretarios.pdf", "ementa": "CM 012/22 PROJETO DE LEI, DA MESA DIRETORA, QUE CONCEDE REVIS\u00c3O GERAL ANUAL PARA O SUBS\u00cdDIO DOS SECRET\u00c1RIOS MUNICIPAIS."}, {"id": "7299", "ano": "2022", "numero": "13", "tipo__sigla": "PLO", "tipo__descricao": "Projeto de Lei Ordin\u00e1ria", "autoria": "Mesa Diretora", "texto_original": "http://sapl.saosebastiaodocai.rs.leg.br/media/sapl/public/materialegislativa/2022/7299/projeto.013.revisao_geral_anual_vereadores.pdf", "ementa": "CM 013/22 PROJETO DE LEI, DA MESA DIRETORA, QUE CONCEDE REVIS\u00c3O GERAL ANUAL PARA O SUBS\u00cdDIO DOS VEREADORES."}, {"id": "7300", "ano": "2022", "numero": "14", "tipo__sigla": "PLO", "tipo__descricao": "Projeto de Lei Ordin\u00e1ria", "autoria": "Mesa Diretora", "texto_original": "http://sapl.saosebastiaodocai.rs.leg.br/media/sapl/public/materialegislativa/2022/7300/projeto.014.revisao_geral_anual_servidores_aposentados_e_pensionistas_poder_legislativo.pdf", "ementa": "CM 014/22 PROJETO DE LEI, DA MESA DIRETORA, QUE CONCEDE REVIS\u00c3O GERAL ANUAL - ART. 37, X, DA CONSTITUI\u00c7\u00c3O FEDERAL, AOS VENCIMENTOS DOS SERVIDORES, APOSENTADOS E PENSIONISTAS DO PODER LEGISLATIVO."}, {"id": "7307", "ano": "2022", "numero": "22", "tipo__sigla": "PLO", "tipo__descricao": "Projeto de Lei Ordin\u00e1ria", "autoria": "Poder Executivo", "texto_original": "http://sapl.saosebastiaodocai.rs.leg.br/media/sapl/public/materialegislativa/2022/7307/projeto.executivo.011.pdf", "ementa": "PM 011/2022 - CM 022/22          PROJETO DE LEI DO EXECUTIVO MUNICIPAL QUE ALTERA REDA\u00c7\u00c3O DA LEI MUNICIPAL N\u00ba 4.281 DE 29 DE FEVEREIRO DE 2021, QUE AUTORIZA O REPASSE DE RECURSOS PARA ESCOLAS MUNICIPAIS E D\u00c1 OUTRAS PROVID\u00caNCIAS."}, {"id": "7308", "ano": "2022", "numero": "23", "tipo__sigla": "PLO", "tipo__descricao": "Projeto de Lei Ordin\u00e1ria", "autoria": "Poder Executivo", "texto_original": "http://sapl.saosebastiaodocai.rs.leg.br/media/sapl/public/materialegislativa/2022/7308/projeto.executivo.012.ok.pdf", "ementa": "PM 012/2022 - CM 023/22          PROJETO DE LEI DO EXECUTIVO MUNICIPAL QUE ABRE UM CR\u00c9DITO ESPECIAL NO VALOR DE R$ 37.000,00 (TRINTA E SETE MIL REAIS) E D\u00c1 OUTRAS PROVID\u00caNCIAS."}, {"id": "7309", "ano": "2022", "numero": "24", "tipo__sigla": "PLO", "tipo__descricao": "Projeto de Lei Ordin\u00e1ria", "autoria": "Poder Executivo", "texto_original": "http://sapl.saosebastiaodocai.rs.leg.br/media/sapl/public/materialegislativa/2022/7309/projeto.executivo.013.pdf", "ementa": "PM 013/2022 - CM 024/22          PROJETO DE LEI DO EXECUTIVO MUNICIPAL QUE ABRE UM CR\u00c9DITO ESPECIAL NO VALOR DE R$ 2.930.000,00 (DOIS MILH\u00d5ES, NOVECENTOS E TRINTA MIL REAIS) E D\u00c1 OUTRAS PROVID\u00caNCIAS."}, {"id": "7317", "ano": "2022", "numero": "32", "tipo__sigla": "PLO", "tipo__descricao": "Projeto de Lei Ordin\u00e1ria", "autoria": "Poder Executivo", "texto_original": "http://sapl.saosebastiaodocai.rs.leg.br/media/sapl/public/materialegislativa/2022/7317/projeto.executivo.014.pdf", "ementa": "PM 014/2022 - CM 032/22 PROJETO DE LEI DO EXECUTIVO MUNICIPAL QUE DISP\u00d5E SOBRE O REGIME DE CONCESS\u00c3O DE DI\u00c1RIAS AOS SERVIDORES E DEMAIS COLABORADORES NO \u00c2MBITO DO PODER EXECUTIVO DO MUNIC\u00cdPIO DE S\u00c3O SEBASTI\u00c3O DO CA\u00cd E D\u00c1 OUTRAS PROVID\u00caNCIAS."}, {"id": "7318", "ano": "2022", "numero": "33", "tipo__sigla": "PLO", "tipo__descricao": "Projeto de Lei Ordin\u00e1ria", "autoria": "Poder Executivo", "texto_original": "http://sapl.saosebastiaodocai.rs.leg.br/media/sapl/public/materialegislativa/2022/7318/projeto.executivo.015.pdf", "ementa": "PM 015/2022 - CM 033/22          PROJETO DE LEI DO EXECUTIVO MUNICIPAL QUE AUTORIZA O EXECUTIVO MUNICIPAL A CONTRATAR PESSOAL - MOTORISTA - POR PRAZO DETERMINADO EM CAR\u00c1TER EMERGENCIAL."}, {"id": "7319", "ano": "2022", "numero": "34", "tipo__sigla": "PLO", "tipo__descricao": "Projeto de Lei Ordin\u00e1ria", "autoria": "Poder Executivo", "texto_original": "http://sapl.saosebastiaodocai.rs.leg.br/media/sapl/public/materialegislativa/2022/7319/projeto.executivo.016.pdf", "ementa": "PM 016/2022 - CM 034/22          PROJETO DE LEI DO EXECUTIVO MUNICIPAL QUE ALTERA DISPOSITIVOS DA LEI MUNICIPAL N\u00ba 2.600, DE 10 DE DEZEMBRO DE 2004, QUE DISP\u00d5E SOBRE O QUADRO DE CARGOS E FUN\u00c7\u00d5ES P\u00daBLICAS DO MUNIC\u00cdPIO; ESTABELECE O PLANO DE CARREIRA DOS SERVIDORES E D\u00c1 OUTRAS PROVID\u00caNCIAS."}, {"id": "7320", "ano": "2022", "numero": "35", "tipo__sigla": "PLO", "tipo__descricao": "Projeto de Lei Ordin\u00e1ria", "autoria": "Poder Executivo", "texto_original": "http://sapl.saosebastiaodocai.rs.leg.br/media/sapl/public/materialegislativa/2022/7320/projeto.executivo.017.pdf", "ementa": "PM 017/2022 - CM 035/22          PROJETO DE LEI DO EXECUTIVO MUNICIPAL QUE CRIA GRATIFICA\u00c7\u00d5ES PARA SERVIDORES EFETIVOS NO \u00c2MBITO DO PODER EXECUTIVO DO MUNIC\u00cdPIO DE S\u00c3O SEBASTI\u00c3O DO CA\u00cd E D\u00c1 OUTRAS PROVID\u00caNCIAS."}, {"id": "7321", "ano": "2022", "numero": "36", "tipo__sigla": "PLO", "tipo__descricao": "Projeto de Lei Ordin\u00e1ria", "autoria": "CESAR DOS SANTOS JUNIOR", "texto_original": "http://sapl.saosebastiaodocai.rs.leg.br/media/sapl/public/materialegislativa/2022/7321/projeto.036.altera_redacao_do_art._64_da_lei_municipal_3.133....pdf", "ementa": "CM 036/22          PROJETO DE LEI DE INICIATIVA DO VEREADOR CESAR DOS SANTOS JUNIOR QUE ALTERA A REDA\u00c7\u00c3O DO ART. 64 DA LEI MUNICIPAL 3.133, DE 22 DE DEZEMBRO DE 2009, QUE INSTITUI O C\u00d3DIGO DE POSTURAS DO MUNIC\u00cdPIO DE S\u00c3O SEBASTI\u00c3O DO CA\u00cd E D\u00c1 OUTRAS PROVID\u00caNCIAS."}, {"id": "7324", "ano": "2022", "numero": "39", "tipo__sigla": "PLO", "tipo__descricao": "Projeto de Lei Ordin\u00e1ria", "autoria": "Poder Executivo", "texto_original": "http://sapl.saosebastiaodocai.rs.leg.br/media/sapl/public/materialegislativa/2022/7324/projeto.executivo.018.pdf", "ementa": "PM 018/2022 - CM 039/22 PROJETO DE LEI DO EXECUTIVO MUNICIPAL QUE CONCEDE REVIS\u00c3O GERAL ANUAL - ART. 37, X, DA CF - AOS VENCIMENTOS DOS SERVIDORES, AOS PROVENTOS E AS PENS\u00d5ES DOS APOSENTADOS E PENSIONISTAS DO PODER EXECUTIVO QUE ESPECIFICA, AL\u00c9M DE DAR OUTRAS PROVID\u00caNCIAS."}, {"id": "7325", "ano": "2022", "numero": "40", "tipo__sigla": "PLO", "tipo__descricao": "Projeto de Lei Ordin\u00e1ria", "autoria": "Poder Executivo", "texto_original": "http://sapl.saosebastiaodocai.rs.leg.br/media/sapl/public/materialegislativa/2022/7325/projeto.executivo.019.ok.pdf", "ementa": "PM 019/2022 - CM 040/22 PROJETO DE LEI DO EXECUTIVO MUNICIPAL QUE INSTITUI O CALEND\u00c1RIO DE EVENTOS OFICIAIS DO MUNIC\u00cdPIO PARA O EXERC\u00cdCIO DE 2022."}, {"id": "7326", "ano": "2022", "numero": "41", "tipo__sigla": "PLO", "tipo__descricao": "Projeto de Lei Ordin\u00e1ria", "autoria": "Poder Executivo", "texto_original": "http://sapl.saosebastiaodocai.rs.leg.br/media/sapl/public/materialegislativa/2022/7326/projeto.executivo.020.ok.pdf", "ementa": "PM 020/2022 - CM 041/22 PROJETO DE LEI DO EXECUTIVO MUNICIPAL QUE REVOGA O ARTIGO 75 DA LEI MUNICIPAL N\u00ba 2.312 DE 28 DE DEZEMBRO DE 2001, QUE DISP\u00d5E SOBRE O REGIME JUR\u00cdDICO DOS SERVIDORES P\u00daBLICOS DO MUNIC\u00cdPIO E D\u00c1 OUTRAS PROVID\u00caNCIAS."}, {"id": "7327", "ano": "2022", "numero": "42", "tipo__sigla": "PLO", "tipo__descricao": "Projeto de Lei Ordin\u00e1ria", "autoria": "Mesa Diretora", "texto_original": "http://sapl.saosebastiaodocai.rs.leg.br/media/sapl/public/materialegislativa/2022/7327/projeto.042.revisao_geral_vereadores.pdf", "ementa": "CM 042/22 PROJETO DE LEI DE INICIATIVA DA MESA DIRETORA QUE CONCEDE REVIS\u00c3O GERAL ANUAL PARA O SUBS\u00cdDIO DOS VEREADORES."}, {"id": "7328", "ano": "2022", "numero": "43", "tipo__sigla": "PLO", "tipo__descricao": "Projeto de Lei Ordin\u00e1ria", "autoria": "Mesa Diretora", "texto_original": "http://sapl.saosebastiaodocai.rs.leg.br/media/sapl/public/materialegislativa/2022/7328/projeto.043.revisao_geral_prefeito_e_vice.pdf", "ementa": "CM 043/22 PROJETO DE LEI DE INICIATIVA DA MESA DIRETORA QUE CONCEDE REVIS\u00c3O GERAL ANUAL PARA O SUBS\u00cdDIO DO PREFEITO MUNICIPAL E PARA O SUBS\u00cdDIO DO VICE-PREFEITO."}, {"id": "7329", "ano": "2022", "numero": "44", "tipo__sigla": "PLO", "tipo__descricao": "Projeto de Lei Ordin\u00e1ria", "autoria": "Mesa Diretora", "texto_original": "http://sapl.saosebastiaodocai.rs.leg.br/media/sapl/public/materialegislativa/2022/7329/projeto.044.revisao_geral_secretarios.pdf", "ementa": "CM 044/22 PROJETO DE LEI DE INICIATIVA DA MESA DIRETORA QUE CONCEDE REVIS\u00c3O GERAL ANUAL PARA O SUBS\u00cdDIO DOS SECRET\u00c1RIOS MUNICIPAIS."}, {"id": "7330", "ano": "2022", "numero": "45", "tipo__sigla": "PLO", "tipo__descricao": "Projeto de Lei Ordin\u00e1ria", "autoria": "Mesa Diretora", "texto_original": "http://sapl.saosebastiaodocai.rs.leg.br/media/sapl/public/materialegislativa/2022/7330/projeto.045.revisao_geral_servidores_poder_legislativo.pdf", "ementa": "CM 045/22 PROJETO DE LEI DE INICIATIVA DA MESA DIRETORA QUE CONCEDE REVIS\u00c3O GERAL ANUAL - ART. 37, X, DA CONSTITUI\u00c7\u00c3O FEDERAL, AOS VENCIMENTOS DOS SERVIDORES, APOSENTADOS E PENSIONISTAS DO PODER LEGISLATIVO."}, {"id": "7331", "ano": "2022", "numero": "46", "tipo__sigla": "PLO", "tipo__descricao": "Projeto de Lei Ordin\u00e1ria", "autoria": "CESAR DOS SANTOS JUNIOR", "texto_original": "http://sapl.saosebastiaodocai.rs.leg.br/media/sapl/public/materialegislativa/2022/7331/projeto.046.altera_redacao_do_art._64_da__lei_municipal_3.133....pdf", "ementa": "CM 046/22 PROJETO DE LEI DE INICIATIVA DO VEREADOR CESAR DOS SANTOS JUNIOR, SUBSCRITO PELOS DEMAIS, QUE ALTERA A REDA\u00c7\u00c3O DO ART. 64 DA LEI MUNICIPAL 3.133, DE 22 DE DEZEMBRO DE 2009, QUE INSTITUI O C\u00d3DIGO DE POSTURAS DO MUNIC\u00cdPIO DE S\u00c3O SEBASTI\u00c3O DO CA\u00cd E D\u00c1 OUTRAS PROVID\u00caNCIAS."}, {"id": "7336", "ano": "2022", "numero": "51", "tipo__sigla": "PLO", "tipo__descricao": "Projeto de Lei Ordin\u00e1ria", "autoria": "Poder Executivo", "texto_original": "http://sapl.saosebastiaodocai.rs.leg.br/media/sapl/public/materialegislativa/2022/7336/projeto.executivo.021.ok.pdf", "ementa": "PM 021/2022 - CM 051/22          PROJETO DE LEI DO EXECUTIVO MUNICIPAL QUE ALTERA, CRIA PADR\u00d5ES E CONSOLIDA A TABELA CONSTANTE NO INCISO I DO ARTIGO 19 DA LEI MUNICIPAL N\u00ba 2.600, DE 10 DE DEZEMBRO DE 2004, BEM COMO ALTERA O VENCIMENTO DOS CARGOS DE ATENDENTE DE CRECHE, AUXILIAR DE EDUCA\u00c7\u00c3O INFANTIL, BIOM\u00c9DICO, BIOQU\u00cdMICO, CONTROLADOR INTERNO, ELETRICISTA, ENFERMEIRO, GUARDA MUNICIPAL, JARDINEIRO, MEC\u00c2NICO, MERENDEIRA, MONITOR DE EDUCA\u00c7\u00c3O INFANTIL, NUTRICIONISTA, PINTOR, SERVENTE, T\u00c9CNICO EM SA\u00daDE BUCAL, VETERIN\u00c1RIO E VIGILANTE, NO QUADRO DE CARGOS DE PROVIMENTO EFETIVO CONSTANTE NA LEI N\u00ba 2.600, DE 10 DE DEZEMBRO DE 2004 E D\u00c1 OUTRAS PROVID\u00caNCIAS."}, {"id": "7337", "ano": "2022", "numero": "52", "tipo__sigla": "PLO", "tipo__descricao": "Projeto de Lei Ordin\u00e1ria", "autoria": "Poder Executivo", "texto_original": "http://sapl.saosebastiaodocai.rs.leg.br/media/sapl/public/materialegislativa/2022/7337/projeto.executivo.022.ok.pdf", "ementa": "PM 022/2022 - CM 052/22 PROJETO DE LEI DO EXECUTIVO MUNICIPAL QUE AUTORIZA O EXECUTIVO MUNICIPAL A REPASSAR RECURSO PROVENIENTE DE EMENDA PARLAMENTAR \u00c0 ASSOCIA\u00c7\u00c3O CONGREGA\u00c7\u00c3O DE SANTA CATARINA - HOSPITAL SAGRADA FAM\u00cdLIA E D\u00c1 OUTRAS PROVID\u00caNCIAS."}, {"id": "7338", "ano": "2022", "numero": "53", "tipo__sigla": "PLO", "tipo__descricao": "Projeto de Lei Ordin\u00e1ria", "autoria": "Poder Executivo", "texto_original": "http://sapl.saosebastiaodocai.rs.leg.br/media/sapl/public/materialegislativa/2022/7338/projeto.executivo.023.ok.pdf", "ementa": "PM 023/2022 - CM 053/22 PROJETO DE LEI DO EXECUTIVO MUNICIPAL QUE AUTORIZA O PODER EXECUTIVO A CONCEDER INCENTIVOS AO PRODUTOR RURAL SIN\u00c9SIO DONATO HILGERT, E D\u00c1 OUTRAS PROVID\u00caNCIAS."}, {"id": "7339", "ano": "2022", "numero": "54", "tipo__sigla": "PLO", "tipo__descricao": "Projeto de Lei Ordin\u00e1ria", "autoria": "Poder Executivo", "texto_original": "http://sapl.saosebastiaodocai.rs.leg.br/media/sapl/public/materialegislativa/2022/7339/projeto.executivo.024.ok.pdf", "ementa": "PM 024/2022 - CM 054/22 PROJETO DE LEI DO EXECUTIVO MUNICIPAL QUE ALTERA O ANEXO I DO CARGO DE CONTADOR E TESOUREIRO DA LEI MUNICIPAL N\u00ba 2.600 DE 10 DE DEZEMBRO DE 2004, E D\u00c1 OUTRAS PROVID\u00caNCIAS."}, {"id": "7340", "ano": "2022", "numero": "55", "tipo__sigla": "PLO", "tipo__descricao": "Projeto de Lei Ordin\u00e1ria", "autoria": "Poder Executivo", "texto_original": "http://sapl.saosebastiaodocai.rs.leg.br/media/sapl/public/materialegislativa/2022/7340/projeto.executivo.025.ok.pdf", "ementa": "PM 025/2022 - CM 055/22          PROJETO DE LEI DO EXECUTIVO MUNICIPAL QUE ALTERA A REDA\u00c7\u00c3O E INCLUI ARTIGO NA LEI MUNICIPAL N\u00ba 4.050, DE 10 DE ABRIL DE 2018, QUE REESTRUTURA O REGIME PR\u00d3PRIO DE PREVID\u00caNCIA SOCIAL DOS SERVIDORES P\u00daBLICOS DO MUNIC\u00cdPIO DE S\u00c3O SEBASTI\u00c3O DO CA\u00cd, DE QUE TRATA O ART. 40 DA CONSTITUI\u00c7\u00c3O DA REP\u00daBLICA, E D\u00c1 OUTRAS PROVID\u00caNCIAS."}, {"id": "7341", "ano": "2022", "numero": "56", "tipo__sigla": "PLO", "tipo__descricao": "Projeto de Lei Ordin\u00e1ria", "autoria": "Poder Executivo", "texto_original": "http://sapl.saosebastiaodocai.rs.leg.br/media/sapl/public/materialegislativa/2022/7341/projeto.executivo.026.ok.pdf", "ementa": "PM 026/2022 - CM 056/22          PROJETO DE LEI DO EXECUTIVO MUNICIPAL QUE AUTORIZA O PODER EXECUTIVO MUNICIPAL A CONCEDER INCENTIVOS AO PRODUTOR RURAL GERSON REINHEIMER, E D\u00c1 OUTRAS PROVID\u00caNCIAS."}, {"id": "7342", "ano": "2022", "numero": "57", "tipo__sigla": "PLO", "tipo__descricao": "Projeto de Lei Ordin\u00e1ria", "autoria": "Poder Executivo", "texto_original": "http://sapl.saosebastiaodocai.rs.leg.br/media/sapl/public/materialegislativa/2022/7342/projeto.executivo.027.ok.pdf", "ementa": "PM 027/2022 - CM 057/22          PROJETO DE LEI DO EXECUTIVO MUNICIPAL QUE AUTORIZA O PODER EXECUTIVO MUNICIPAL A CONCEDER INCENTIVOS AO PRODUTOR RURAL JO\u00c3O BATISTA KLEIN E D\u00c1 OUTRAS PROVID\u00caNCIAS."}, {"id": "7347", "ano": "2022", "numero": "62", "tipo__sigla": "PLO", "tipo__descricao": "Projeto de Lei Ordin\u00e1ria", "autoria": "Poder Executivo", "texto_original": "http://sapl.saosebastiaodocai.rs.leg.br/media/sapl/public/materialegislativa/2022/7347/projeto.executivo.028.pdf", "ementa": "PM 028/2022 - CM 062/22          PROJETO DE LEI DO EXECUTIVO MUNICIPAL QUE CRIA GRATIFICA\u00c7\u00d5ES PARA SERVIDORES EFETIVOS NO \u00c2MBITO DO PODER EXECUTIVO DO MUNIC\u00cdPIO DE S\u00c3O SEBASTI\u00c3O DO CA\u00cd E D\u00c1 OUTRAS PROVID\u00caNCIAS."}, {"id": "7348", "ano": "2022", "numero": "63", "tipo__sigla": "PLO", "tipo__descricao": "Projeto de Lei Ordin\u00e1ria", "autoria": "Poder Executivo", "texto_original": "http://sapl.saosebastiaodocai.rs.leg.br/media/sapl/public/materialegislativa/2022/7348/projeto.executivo.029.ok.pdf", "ementa": "PM 029/2022 - CM 063/22          PROJETO DE LEI DO EXECUTIVO MUNICIPAL QUE AUTORIZA O EXECUTIVO MUNICIPAL A CONTRATAR PESSOAL - PROFESSOR DE ANOS FINAIS - POR PRAZO DETERMINADO EM CAR\u00c1TER EMERGENCIAL."}, {"id": "7349", "ano": "2022", "numero": "64", "tipo__sigla": "PLO", "tipo__descricao": "Projeto de Lei Ordin\u00e1ria", "autoria": "Poder Executivo", "texto_original": "http://sapl.saosebastiaodocai.rs.leg.br/media/sapl/public/materialegislativa/2022/7349/projeto.executivo.030.pdf", "ementa": "PM 030/2022 - CM 064/22          PROJETO DE LEI DO EXECUTIVO MUNICIPAL QUE AUTORIZA O EXECUTIVO MUNICIPAL A CONTRATAR PESSOAL - SERVENTE - POR PRAZO DETERMINADO EM CAR\u00c1TER EMERGENCIAL."}, {"id": "7350", "ano": "2022", "numero": "65", "tipo__sigla": "PLO", "tipo__descricao": "Projeto de Lei Ordin\u00e1ria", "autoria": "Poder Executivo", "texto_original": "http://sapl.saosebastiaodocai.rs.leg.br/media/sapl/public/materialegislativa/2022/7350/projeto.executivo.031.pdf", "ementa": "PM 031/2022 - CM 065/22          PROJETO DE LEI DO EXECUTIVO MUNICIPAL QUE ALTERA REDA\u00c7\u00c3O DA LEI MUNICIPAL N\u00ba 2.312 DE 28 DE DEZEMBRO DE 2001, QUE DISP\u00d5E SOBRE O REGIME JUR\u00cdDICO \u00daNICO DOS SERVIDORES P\u00daBLICOS E D\u00c1 OUTRAS PROVID\u00caNCIAS."}, {"id": "7360", "ano": "2022", "numero": "75", "tipo__sigla": "PLO", "tipo__descricao": "Projeto de Lei Ordin\u00e1ria", "autoria": "Poder Executivo", "texto_original": "http://sapl.saosebastiaodocai.rs.leg.br/media/sapl/public/materialegislativa/2022/7360/projeto.executivo.032.pdf", "ementa": "PM 032/2022 - CM 075/22          PROJETO DE LEI DO EXECUTIVO MUNICIPAL QUE ALTERA O N\u00daMERO DE VAGAS DO CARGO DE PROFESSOR DE EDUCA\u00c7\u00c3O ESPECIAL, NO QUADRO DE CARGOS DE PROVIMENTO EFETIVO DO ART. 3\u00ba DA LEI 2.600, DE 10 DE DEZEMBRO DE 2004, E D\u00c1 OUTRAS PROVID\u00caNCIAS."}, {"id": "7361", "ano": "2022", "numero": "76", "tipo__sigla": "PLO", "tipo__descricao": "Projeto de Lei Ordin\u00e1ria", "autoria": "Poder Executivo", "texto_original": "http://sapl.saosebastiaodocai.rs.leg.br/media/sapl/public/materialegislativa/2022/7361/projeto.executivo.033.pdf", "ementa": "PM 033/2022 - CM 076/22          PROJETO DE LEI DO EXECUTIVO MUNICIPAL QUE AUTORIZA O EXECUTIVO MUNICIPAL A CONTRATAR PESSOAL - MONITOR DE EDUCA\u00c7\u00c3O INFANTIL - POR PRAZO DETERMINADO EM CAR\u00c1TER EMERGENCIAL."}, {"id": "7362", "ano": "2022", "numero": "77", "tipo__sigla": "PLO", "tipo__descricao": "Projeto de Lei Ordin\u00e1ria", "autoria": "Poder Executivo", "texto_original": "http://sapl.saosebastiaodocai.rs.leg.br/media/sapl/public/materialegislativa/2022/7362/projetoexecutivo.034.retirado.pdf", "ementa": "PM 034/2022 - CM 077/22          PROJETO DE LEI DO EXECUTIVO MUNICIPAL QUE AUTORIZA O EXECUTIVO MUNICIPAL A LOCAR IM\u00d3VEL PARA A INSTALA\u00c7\u00c3O E AMPLIA\u00c7\u00c3O DO CANIL DE ABRIGAMENTO DA ASSOCIA\u00c7\u00c3O PROTETORA DOS ANIMAIS VIRA LATA DO CA\u00cd E D\u00c1 OUTRAS PROVID\u00caNCIAS."}, {"id": "7363", "ano": "2022", "numero": "78", "tipo__sigla": "PLO", "tipo__descricao": "Projeto de Lei Ordin\u00e1ria", "autoria": "Poder Executivo", "texto_original": "http://sapl.saosebastiaodocai.rs.leg.br/media/sapl/public/materialegislativa/2022/7363/projetoexecutivo.035.retirado.pdf", "ementa": "PM 035/2022 - CM 078/22          PROJETO DE LEI DO EXECUTIVO MUNICIPAL QUE AUTORIZA A CELEBRA\u00c7\u00c3O DE PARCERIA COM A ASSOCIA\u00c7\u00c3O PROTETORA DOS ANIMAIS VIRA LATA DO CA\u00cd."}, {"id": "7366", "ano": "2022", "numero": "80", "tipo__sigla": "PLO", "tipo__descricao": "Projeto de Lei Ordin\u00e1ria", "autoria": "Poder Executivo", "texto_original": "http://sapl.saosebastiaodocai.rs.leg.br/media/sapl/public/materialegislativa/2022/7366/projeto.executivo.036.pdf", "ementa": "PM 036/2022 - CM 080/22 PROJETO DE LEI DO EXECUTIVO MUNICIPAL QUE ABRE UM CR\u00c9DITO ESPECIAL NO VALOR DE R$ 202.000,00 (DUZENTOS E DOIS MIL REAIS) E D\u00c1 OUTRAS PROVID\u00caNCIAS."}, {"id": "7367", "ano": "2022", "numero": "81", "tipo__sigla": "PLO", "tipo__descricao": "Projeto de Lei Ordin\u00e1ria", "autoria": "Poder Executivo", "texto_original": "http://sapl.saosebastiaodocai.rs.leg.br/media/sapl/public/materialegislativa/2022/7367/projeto.executivo.037.pdf", "ementa": "PM 037/2022 - CM 081/22 PROJETO DE LEI DO EXECUTIVO MUNICIPAL QUE AUTORIZA A CELEBRA\u00c7\u00c3O DE PARCERIA COM A ASSOCIA\u00c7\u00c3O PROTETORA DOS ANIMAIS VIRA LATA DO CA\u00cd."}, {"id": "7368", "ano": "2022", "numero": "82", "tipo__sigla": "PLO", "tipo__descricao": "Projeto de Lei Ordin\u00e1ria", "autoria": "Poder Executivo", "texto_original": "http://sapl.saosebastiaodocai.rs.leg.br/media/sapl/public/materialegislativa/2022/7368/projeto.executivo.038.pdf", "ementa": "PM 038/2022 - CM 082/22 PROJETO DE LEI DO EXECUTIVO MUNICIPAL QUE ALTERA O QUADRO DE CARGOS EM COMISS\u00c3O E FUN\u00c7\u00d5ES GRATIFICADAS DE QUE TRATA O ART. 14 DA LEI N\u00ba 2.600, DE 10 DE DEZEMBRO DE 2004 E D\u00c1 OUTRAS PROVID\u00caNCIAS."}, {"id": "7381", "ano": "2022", "numero": "95", "tipo__sigla": "PLO", "tipo__descricao": "Projeto de Lei Ordin\u00e1ria", "autoria": "Poder Executivo", "texto_original": "http://sapl.saosebastiaodocai.rs.leg.br/media/sapl/public/materialegislativa/2022/7381/projeto.executivo.095.pdf", "ementa": "PM 039/2022 - CM 095/22          PROJETO DE LEI DO EXECUTIVO MUNICIPAL QUE ALTERA O QUADRO DE CARGOS EM COMISS\u00c3O E FUN\u00c7\u00d5ES GRATIFICADAS DE QUE TRATA O ART. 14 DA LEI N\u00ba 2.600, DE 10 DE DEZEMBRO DE 2004, E D\u00c1 OUTRAS PROVID\u00caNCIAS."}, {"id": "7382", "ano": "2022", "numero": "96", "tipo__sigla": "PLO", "tipo__descricao": "Projeto de Lei Ordin\u00e1ria", "autoria": "Poder Executivo", "texto_original": "http://sapl.saosebastiaodocai.rs.leg.br/media/sapl/public/materialegislativa/2022/7382/projetoexecutivo.040.pdf", "ementa": "PM 040/2022 - CM 096/22          PROJETO DE LEI DO EXECUTIVO MUNICIPAL ALTERA O ANEXO I DO CARGO DE ENFERMEIRO DA LEI MUNICIPAL N\u00ba 2.600 DE 10 DE DEZEMBRO DE 2004, E D\u00c1 OUTRAS PROVID\u00caNCIAS."}, {"id": "7383", "ano": "2022", "numero": "97", "tipo__sigla": "PLO", "tipo__descricao": "Projeto de Lei Ordin\u00e1ria", "autoria": "Poder Executivo", "texto_original": "http://sapl.saosebastiaodocai.rs.leg.br/media/sapl/public/materialegislativa/2022/7383/projeto.executivo.041.pdf", "ementa": "PM 041/2022 - CM 097/22          PROJETO DE LEI DO EXECUTIVO MUNICIPAL QUE ALTERA REDA\u00c7\u00c3O DA LEI MUNICIPAL N\u00ba 2.835, DE 09 DE MAR\u00c7O DE 2007, QUE INSTITUI O C\u00d3DIGO DE OBRAS DO MUNIC\u00cdPIO DE S\u00c3O SEBASTI\u00c3O DO CA\u00cd E D\u00c1 OUTRAS PROVID\u00caNCIAS."}, {"id": "7384", "ano": "2022", "numero": "98", "tipo__sigla": "PLO", "tipo__descricao": "Projeto de Lei Ordin\u00e1ria", "autoria": "Poder Executivo", "texto_original": "http://sapl.saosebastiaodocai.rs.leg.br/media/sapl/public/materialegislativa/2022/7384/projetoexecutivo.042.pdf", "ementa": "PM 042/2022 - CM 098/22          PROJETO DE LEI DO EXECUTIVO MUNICIPAL QUE AUTORIZA O EXECUTIVO MUNICIPAL A AMPLIAR A CARGA HOR\u00c1RIA DO CONTRATO EMERGENCIAL DE ENGENHEIRO CIVIL."}, {"id": "7385", "ano": "2022", "numero": "99", "tipo__sigla": "PLO", "tipo__descricao": "Projeto de Lei Ordin\u00e1ria", "autoria": "Poder Executivo", "texto_original": "http://sapl.saosebastiaodocai.rs.leg.br/media/sapl/public/materialegislativa/2022/7385/projeto.executivo.099.pdf", "ementa": "PM 043/2022 - CM 099/22          PROJETO DE LEI DO EXECUTIVO MUNICIPAL QUE CRIA O PADR\u00c3O DE VENCIMENTO \"22\" E CONSOLIDA A TABELA CONSTANTE NO INCISO I DO ARTIGO 19 DA LEI MUNICIPAL N\u00ba 2.600, DE 10 DE DEZEMBRO DE 2004, E D\u00c1 OUTRAS PROVID\u00caNCIAS."}, {"id": "7391", "ano": "2022", "numero": "105", "tipo__sigla": "PLO", "tipo__descricao": "Projeto de Lei Ordin\u00e1ria", "autoria": "Poder Executivo", "texto_original": "http://sapl.saosebastiaodocai.rs.leg.br/media/sapl/public/materialegislativa/2022/7391/projeto.executivo.044.pdf", "ementa": "PM 044/2022 - CM 105/22          PROJETO DE LEI DO EXECUTIVO MUNICIPAL QUE ABRE UM CR\u00c9DITO ESPECIAL NO VALOR DE R$ 171.150,00 (CENTO E SETENTA E UM MIL E CENTO E CINQUENTA REAIS) E D\u00c1 OUTRAS PROVID\u00caNCIAS."}, {"id": "7395", "ano": "2022", "numero": "109", "tipo__sigla": "PLO", "tipo__descricao": "Projeto de Lei Ordin\u00e1ria", "autoria": "Poder Executivo", "texto_original": "http://sapl.saosebastiaodocai.rs.leg.br/media/sapl/public/materialegislativa/2022/7395/projeto.executivo.045.pdf", "ementa": "PM 045/2022 - CM 109/22          PROJETO DE LEI DO EXECUTIVO MUNICIPAL QUE ABRE UM CR\u00c9DITO ESPECIAL NO VALOR DE R$ 200.000,00 (DUZENTOS MIL REAIS) E D\u00c1 OUTRAS PROVID\u00caNCIAS."}, {"id": "7396", "ano": "2022", "numero": "110", "tipo__sigla": "PLO", "tipo__descricao": "Projeto de Lei Ordin\u00e1ria", "autoria": "CESAR DOS SANTOS JUNIOR", "texto_original": "http://sapl.saosebastiaodocai.rs.leg.br/media/sapl/public/materialegislativa/2022/7396/projeto.110.altera_redacao_lei_municipal_3.133.pdf", "ementa": "CM 110/22          PROJETO DE LEI, DE INICIATIVA DO VEREADOR CESAR DOS SANTOS JUNIOR, QUE ALTERA A REDA\u00c7\u00c3O DO \"CAPUT\" E DO \u00a7 1\u00ba DO ART. 244 DA LEI MUNICIPAL N\u00ba 3.133, DE 22 DE DEZEMBRO DE 2009, QUE INSTITUI O C\u00d3DIGO DE POSTURAS DO MUNIC\u00cdPIO DE S\u00c3O SEBASTI\u00c3O DO CA\u00cd E D\u00c1 OUTRAS PROVID\u00caNCIAS."}, {"id": "7401", "ano": "2022", "numero": "115", "tipo__sigla": "PLO", "tipo__descricao": "Projeto de Lei Ordin\u00e1ria", "autoria": "Poder Executivo", "texto_original": "http://sapl.saosebastiaodocai.rs.leg.br/media/sapl/public/materialegislativa/2022/7401/projeto.executivo.046.pdf", "ementa": "PM 046/2022 - CM 115/22          PROJETO DE LEI DO EXECUTIVO MUNICIPAL QUE ALTERA E INCLUI REDA\u00c7\u00c3O NA LEI MUNICIPAL N\u00ba 4.251, DE 29 DE SETEMBRO DE 2020, QUE ALTEROU A LEI MUNICIPAL N\u00ba 3.116, DE 25 NOVEMBRO DE 2009, QUE DISP\u00d5E SOBRE A POL\u00cdTICA AMBIENTAL DO MUNIC\u00cdPIO DE S\u00c3O SEBASTI\u00c3O DO CA\u00cd E D\u00c1 OUTRAS PROVID\u00caNCIAS."}, {"id": "7402", "ano": "2022", "numero": "116", "tipo__sigla": "PLO", "tipo__descricao": "Projeto de Lei Ordin\u00e1ria", "autoria": "Poder Executivo", "texto_original": "http://sapl.saosebastiaodocai.rs.leg.br/media/sapl/public/materialegislativa/2022/7402/projeto.executivo.047.pdf", "ementa": "PM 047/2022 - CM 116/22          PROJETO DE LEI DO EXECUTIVO MUNICIPAL QUE AUTORIZA O EXECUTIVO MUNICIPAL A CONTRATAR PESSOAL - MONITOR DE EDUCA\u00c7\u00c3O INFANTIL - POR PRAZO DETERMINADO EM CAR\u00c1TER EMERGENCIAL."}, {"id": "7403", "ano": "2022", "numero": "117", "tipo__sigla": "PLO", "tipo__descricao": "Projeto de Lei Ordin\u00e1ria", "autoria": "Poder Executivo", "texto_original": "http://sapl.saosebastiaodocai.rs.leg.br/media/sapl/public/materialegislativa/2022/7403/projeto.executivo.048.pdf", "ementa": "PM 048/2022 - CM 117/22          PROJETO DE LEI DO EXECUTIVO MUNICIPAL QUE AUTORIZA O EXECUTIVO MUNICIPAL A CONTRATAR PESSOAL - AGENTE DE COMBATE \u00c0 ENDEMIA - POR PRAZO DETERMINADO EM CAR\u00c1TER EMERGENCIAL."}, {"id": "7407", "ano": "2022", "numero": "121", "tipo__sigla": "PLO", "tipo__descricao": "Projeto de Lei Ordin\u00e1ria", "autoria": "Poder Executivo", "texto_original": "http://sapl.saosebastiaodocai.rs.leg.br/media/sapl/public/materialegislativa/2022/7407/projeto.executivo.049.pdf", "ementa": "PM 049/2022 - CM 121/22          PROJETO DE LEI DO EXECUTIVO MUNICIPAL QUE ABRE UM CR\u00c9DITO ESPECIAL NO VALOR DE R$ 35.000,00 (TRINTA E CINCO MIL REAIS) E D\u00c1 OUTRAS PROVID\u00caNCIAS."}, {"id": "7411", "ano": "2022", "numero": "126", "tipo__sigla": "PLO", "tipo__descricao": "Projeto de Lei Ordin\u00e1ria", "autoria": "Poder Executivo", "texto_original": "http://sapl.saosebastiaodocai.rs.leg.br/media/sapl/public/materialegislativa/2022/7411/projeto.executivo.050.pdf", "ementa": "PM 050/2022 - CM 126/22          PROJETO DE LEI DO EXECUTIVO MUNICIPAL QUE APROVA A PROGRAMA\u00c7\u00c3O ANUAL DE SA\u00daDE DE S\u00c3O SEBASTI\u00c3O DO CA\u00cd PARA O ANO DE 2023 E D\u00c1 OUTRAS PROVID\u00caNCIAS."}, {"id": "7412", "ano": "2022", "numero": "127", "tipo__sigla": "PLO", "tipo__descricao": "Projeto de Lei Ordin\u00e1ria", "autoria": "Poder Executivo", "texto_original": "http://sapl.saosebastiaodocai.rs.leg.br/media/sapl/public/materialegislativa/2022/7412/projeto.executivo.051.pdf", "ementa": "PM 051/2022 - CM 127/22          PROJETO DE LEI DO EXECUTIVO MUNICIPAL QUE APROVA O PLANO DE CONTING\u00caNCIA PARA ARBOVIROSES DE S\u00c3O SEBASTI\u00c3O DO CA\u00cd E D\u00c1 OUTRAS PROVID\u00caNCIAS."}, {"id": "7413", "ano": "2022", "numero": "128", "tipo__sigla": "PLO", "tipo__descricao": "Projeto de Lei Ordin\u00e1ria", "autoria": "Poder Executivo", "texto_original": "http://sapl.saosebastiaodocai.rs.leg.br/media/sapl/public/materialegislativa/2022/7413/projeto.executivo.052.pdf", "ementa": "PM 052/2022 - CM 128/22          PROJETO DE LEI DO EXECUTIVO MUNICIPAL QUE ALTERA REDA\u00c7\u00c3O DA LEI MUNICIPAL N\u00ba 4.103, DE 29 DE JANEIRO DE 2019, QUE INSTITUI O C\u00d3DIGO SANIT\u00c1RIO DE S\u00c3O SEBASTI\u00c3O DO CA\u00cd E D\u00c1 OUTRAS PROVID\u00caNCIAS."}, {"id": "7414", "ano": "2022", "numero": "129", "tipo__sigla": "PLO", "tipo__descricao": "Projeto de Lei Ordin\u00e1ria", "autoria": "Poder Executivo", "texto_original": "http://sapl.saosebastiaodocai.rs.leg.br/media/sapl/public/materialegislativa/2022/7414/projeto.executivo.053.pdf", "ementa": "PM 053/2022 - CM 129/22          PROJETO DE LEI DO EXECUTIVO MUNICIPAL QUE ALTERA O ANEXO I DO CARGO DE OPERADOR DE M\u00c1QUINA DA LEI MUNICIPAL N\u00ba 2.600, DE 10 DE DEZEMBRO DE 2004, E \u00c1 OUTRAS PROVID\u00caNCIAS."}, {"id": "7416", "ano": "2022", "numero": "130", "tipo__sigla": "PLO", "tipo__descricao": "Projeto de Lei Ordin\u00e1ria", "autoria": "Poder Executivo", "texto_original": "http://sapl.saosebastiaodocai.rs.leg.br/media/sapl/public/materialegislativa/2022/7416/projeto.executivo.054.ok.pdf", "ementa": "PM 054/2022 - CM 130/22          PROJETO DE LEI DO EXECUTIVO MUNICIPAL QUE APROVA O PLANO MUNICIPAL DE TURISMO DE S\u00c3O SEBASTI\u00c3O DO CA\u00cd E D\u00c1 OUTRAS PROVID\u00caNCIAS."}, {"id": "7417", "ano": "2022", "numero": "131", "tipo__sigla": "PLO", "tipo__descricao": "Projeto de Lei Ordin\u00e1ria", "autoria": "Poder Executivo", "texto_original": "http://sapl.saosebastiaodocai.rs.leg.br/media/sapl/public/materialegislativa/2022/7417/projeto.executivo.055.pdf", "ementa": "PM 055/2022 - CM 131/22          PROJETO DE LEI DO EXECUTIVO MUNICIPAL QUE ALTERA REDA\u00c7\u00c3O DA LEI MUNICIPAL N\u00ba 2.923, DE 04 DE ABRIL DE 2008, QUE ESTABELECE O PLANO DE CARREIRA DO MAGIST\u00c9RIO E D\u00c1 OUTRAS PROVID\u00caNCIAS."}, {"id": "7418", "ano": "2022", "numero": "132", "tipo__sigla": "PLO", "tipo__descricao": "Projeto de Lei Ordin\u00e1ria", "autoria": "Poder Executivo", "texto_original": "http://sapl.saosebastiaodocai.rs.leg.br/media/sapl/public/materialegislativa/2022/7418/projeto.executivo.056.pdf", "ementa": "PM 056/2022 - CM 132/22          PROJETO DE LEI DO EXECUTIVO MUNICIPAL QUE ALTERA REDA\u00c7\u00c3O DA LEI MUNICIPAL N\u00ba 4.050, DE 10 DE ABRIL DE 2018, QUE REESTRUTURA O REGIME PR\u00d3PRIO DE PREVID\u00caNCIA SOCIAL DOS SERVIDORES P\u00daBLICOS EFETIVOS DO MUNIC\u00cdPIO DE S\u00c3O SEBASTI\u00c3O DO CA\u00cd, DE QUE TRATA O ART. 40 DA CONSTITUI\u00c7\u00c3O DA REP\u00daBLICA, E D\u00c1 OUTRAS PROVID\u00caNCIAS."}, {"id": "7419", "ano": "2022", "numero": "133", "tipo__sigla": "PLO", "tipo__descricao": "Projeto de Lei Ordin\u00e1ria", "autoria": "CESAR DOS SANTOS JUNIOR", "texto_original": "http://sapl.saosebastiaodocai.rs.leg.br/media/", "ementa": "CM 133/22          PROJETO DE LEI, DE INICIATIVA DO VEREADOR CESAR DOS SANTOS JUNIOR, SUBSCRITO PELOS DEMAIS, QUE DISP\u00d5E SOBRE A DIVULGA\u00c7\u00c3O DOS NOMES E CURR\u00cdCULOS DOS OCUPANTES DE CARGOS EM COMISS\u00c3O E QUE PERCEBEM FUN\u00c7\u00c3O GRATIFICADA NA PREFEITURA MUNICIPAL DE S\u00c3O SEBASTI\u00c3O DO CA\u00cd."}, {"id": "7423", "ano": "2022", "numero": "137", "tipo__sigla": "PLO", "tipo__descricao": "Projeto de Lei Ordin\u00e1ria", "autoria": "Poder Executivo", "texto_original": "http://sapl.saosebastiaodocai.rs.leg.br/media/sapl/public/materialegislativa/2022/7423/projeto.executivo.057.pdf", "ementa": "PM 057/2022 - CM 137/22          PROJETO DE LEI DO EXECUTIVO MUNICIPAL QUE ALTERA O N\u00daMERO DE VAGAS DO CARGO EM EXTIN\u00c7\u00c3O DE SERVENTE, NO QUADRO DE CARGOS DE PROVIMENTO EFETIVO DO ART. 3\u00ba DA LEI N\u00ba 2.600, DE 10 DE DEZEMBRO DE 2004, E D\u00c1 OUTRAS PROVID\u00caNCIAS."}, {"id": "7424", "ano": "2022", "numero": "138", "tipo__sigla": "PLO", "tipo__descricao": "Projeto de Lei Ordin\u00e1ria", "autoria": "Poder Executivo", "texto_original": "http://sapl.saosebastiaodocai.rs.leg.br/media/sapl/public/materialegislativa/2022/7424/projeto.executivo.058.pdf", "ementa": "PM 058/2022 - CM 138/22          PROJETO DE LEI DO EXECUTIVO MUNICIPAL QUE ALTERA O ARTIGO 97 DA LEI MUNICIPAL N\u00ba 2.312, DE 28 DE DEZEMBRO DE 2001, QUE DISP\u00d5E SOBRE O REGIME JUR\u00cdDICO \u00daNICO DOS SERVIDORES P\u00daBLICOS DO MUNIC\u00cdPIO E D\u00c1 OUTRAS PROVID\u00caNCIAS."}, {"id": "7425", "ano": "2022", "numero": "139", "tipo__sigla": "PLO", "tipo__descricao": "Projeto de Lei Ordin\u00e1ria", "autoria": "JO\u00c3O MARCOS DUARTE GUAR\u00c1", "texto_original": "http://sapl.saosebastiaodocai.rs.leg.br/media/sapl/public/materialegislativa/2022/7425/projeto.139._substitutivo_ao_projeto_cm_133.22.pdf", "ementa": "CM 139/22          PROJETO SUBSTITUTIVO AO PROJETO DE LEI CM 133/22, DE INICIATIVA DO VEREADOR CESAR DOS SANTOS JUNIOR, QUE DISP\u00d5E SOBRE A DIVULGA\u00c7\u00c3O DOS NOMES E CURR\u00cdCULOS DOS OCUPANTES DOS CARGOS EM COMISS\u00c3O E OS SERVIDORES QUE PERCEBAM FUN\u00c7\u00c3O GRATIFICADA NA PREFEITURA MUNICIPAL DE S\u00c3O SEBASTI\u00c3O DO CA\u00cd."}, {"id": "7429", "ano": "2022", "numero": "143", "tipo__sigla": "PLO", "tipo__descricao": "Projeto de Lei Ordin\u00e1ria", "autoria": "Poder Executivo", "texto_original": "http://sapl.saosebastiaodocai.rs.leg.br/media/sapl/public/materialegislativa/2022/7429/projeto.executivo.059.pdf", "ementa": "PM 059/2022 - CM 143/22          PROJETO DE LEI DO EXECUTIVO MUNICIPAL QUE AUTORIZA O PODER EXECUTIVO MUNICIPAL A CONCEDER AUX\u00cdLIO FINANCEIRO A ENTIDADES GOVERNAMENTAIS E N\u00c3O GOVERNAMENTAIS, ORIUNDOS DO FUNCRIAN\u00c7A, PARA FINS ESPEC\u00cdFICOS, E D\u00c1 OUTRAS PROVID\u00caNCIAS."}, {"id": "7430", "ano": "2022", "numero": "144", "tipo__sigla": "PLO", "tipo__descricao": "Projeto de Lei Ordin\u00e1ria", "autoria": "Poder Executivo", "texto_original": "http://sapl.saosebastiaodocai.rs.leg.br/media/sapl/public/materialegislativa/2022/7430/projeto.executivo.060.pdf", "ementa": "PM 060/2022 - CM 144/22          PROJETO DE LEI DO EXECUTIVO MUNICIPAL QUE CONCEDE AUMENTO REAL ESCALONADO AOS VENCIMENTOS E AOS SUBS\u00cdDIOS DOS SERVIDORES DO PODER EXECUTIVO, INCLU\u00cdDOS OS CONTRATADOS TEMPORARIAMENTE, OS CARGOS EM COMISS\u00c3O E FUN\u00c7\u00d5ES GRATIFICADAS, BEM COMO OS PROVENTOS DOS APOSENTADOS E \u00c0S PENS\u00d5ES, EM ATENDIMENTO AO ART. 40, \u00a7 8\u00ba DA CONSTITUI\u00c7\u00c3O FEDERAL, AL\u00c9M DE DAR OUTRAS PROVID\u00caNCIAS."}, {"id": "7433", "ano": "2022", "numero": "147", "tipo__sigla": "PLO", "tipo__descricao": "Projeto de Lei Ordin\u00e1ria", "autoria": "Poder Executivo", "texto_original": "http://sapl.saosebastiaodocai.rs.leg.br/media/sapl/public/materialegislativa/2022/7433/projeto.executivo.061.pdf", "ementa": "PM 061/2022 - CM 147/22          PROJETO DE LEI DO EXECUTIVO MUNICIPAL QUE AUTORIZA O EXECUTIVO MUNICIPAL A CONCEDER INCENTIVOS AO PRODUTOR RURAL RUDINEI BRAND\u00c3O, E D\u00c1 OUTRAS PROVID\u00caNCIAS."}, {"id": "7434", "ano": "2022", "numero": "148", "tipo__sigla": "PLO", "tipo__descricao": "Projeto de Lei Ordin\u00e1ria", "autoria": "Poder Executivo", "texto_original": "http://sapl.saosebastiaodocai.rs.leg.br/media/sapl/public/materialegislativa/2022/7434/projeto.executivo.062.pdf", "ementa": "PM 062/2022 - CM 148/22          PROJETO DE LEI DO EXECUTIVO MUNICIPAL QUE ALTERA A REDA\u00c7\u00c3O DA LEI MUNICIPAL N\u00ba 4.431/22, QUE AUTORIZA O PODER EXECUTIVO MUNICIPAL A CONCEDER INCENTIVOS AO PRODUTOR RURAL JO\u00c3O BATISTA KLEIN E D\u00c1 OUTRAS PROVID\u00caNCIAS."}, {"id": "7435", "ano": "2022", "numero": "149", "tipo__sigla": "PLO", "tipo__descricao": "Projeto de Lei Ordin\u00e1ria", "autoria": "Poder Executivo", "texto_original": "http://sapl.saosebastiaodocai.rs.leg.br/media/sapl/public/materialegislativa/2022/7435/projeto.executivo.063.pdf", "ementa": "PM 063/2022 - CM 149/22          PROJETO DE LEI DO EXECUTIVO MUNICIPAL QUE AUTORIZA O PODER EXECUTIVO MUNICIPAL A CONCEDER INCENTIVOS AO PRODUTOR RURAL NATAN FERNANDO HOCHSCHEIDT E D\u00c1 OUTRAS PROVID\u00caNCIAS."}, {"id": "7436", "ano": "2022", "numero": "150", "tipo__sigla": "PLO", "tipo__descricao": "Projeto de Lei Ordin\u00e1ria", "autoria": "Poder Executivo", "texto_original": "http://sapl.saosebastiaodocai.rs.leg.br/media/sapl/public/materialegislativa/2022/7436/projeto.executivo.064.pdf", "ementa": "PM 064/2022 - CM 150/22          PROJETO DE LEI DO EXECUTIVO MUNICIPAL QUE ABRE UM CR\u00c9DITO ESPECIAL NO VALOR DE R$ 489.595,00 (QUATROCENTOS E OITENTA E NOVE MIL E QUINHENTOS E NOVENTA E CINCO REAIS) E D\u00c1 OUTRAS PROVID\u00caNCIAS."}, {"id": "7437", "ano": "2022", "numero": "151", "tipo__sigla": "PLO", "tipo__descricao": "Projeto de Lei Ordin\u00e1ria", "autoria": "Poder Executivo", "texto_original": "http://sapl.saosebastiaodocai.rs.leg.br/media/sapl/public/materialegislativa/2022/7437/projeto.executivo.065.pdf", "ementa": "PM 065/2022 - CM 151/22          PROJETO DE LEI DO EXECUTIVO MUNICIPAL QUE AUTORIZA O EXECUTIVO MUNICIPAL A CONTRATAR PESSOAL - MONITOR DE EDUCA\u00c7\u00c3O INFANTIL - POR PRAZO DETERMINADO EM CAR\u00c1TER EMERGENCIAL."}, {"id": "7438", "ano": "2022", "numero": "152", "tipo__sigla": "PLO", "tipo__descricao": "Projeto de Lei Ordin\u00e1ria", "autoria": "Poder Executivo", "texto_original": "http://sapl.saosebastiaodocai.rs.leg.br/media/sapl/public/materialegislativa/2022/7438/projeto.executivo.066.pdf", "ementa": "PM 066/2022 - CM 152/22          PROJETO DE LEI DO EXECUTIVO MUNICIPAL QUE AUTORIZA A CELEBRA\u00c7\u00c3O DE CONTRATO DE DIREITO P\u00daBLICO OU CONV\u00caNIO COM A ASSOCIA\u00c7\u00c3O CIVIL CORPO DE BOMBEIROS VOLUNT\u00c1RIOS DE S\u00c3O SEBASTI\u00c3O DO CA\u00cd."}, {"id": "7439", "ano": "2022", "numero": "153", "tipo__sigla": "PLO", "tipo__descricao": "Projeto de Lei Ordin\u00e1ria", "autoria": "Poder Executivo", "texto_original": "http://sapl.saosebastiaodocai.rs.leg.br/media/sapl/public/materialegislativa/2022/7439/projeto.executivo.067.pdf", "ementa": "PM 067/2022 - CM 153/22          PROJETO DE LEI DO EXECUTIVO MUNICIPAL QUE ALTERA O ARTIGO 48 DA LEI MUNICIPAL N\u00ba 4.092, DE 20 DE NOVEMBRO DE 2018, QUE DISP\u00d5E SOBRE O SISTEMA \u00daNICO DE ASSIST\u00caNCIA SOCIAL DO MUNIC\u00cdPIO DE S\u00c3O SEBASTI\u00c3O DO CA\u00cd E D\u00c1 OUTRAS PROVID\u00caNCIAS."}, {"id": "7440", "ano": "2022", "numero": "154", "tipo__sigla": "PLO", "tipo__descricao": "Projeto de Lei Ordin\u00e1ria", "autoria": "Poder Executivo", "texto_original": "http://sapl.saosebastiaodocai.rs.leg.br/media/sapl/public/materialegislativa/2022/7440/projeto.executivo.068.pdf", "ementa": "PM 068/2022 - CM 154/22          PROJETO DE LEI DO EXECUTIVO MUNICIPAL QUE AUTORIZA O EXECUTIVO MUNICIPAL A CONTRATAR PESSOAL - MOTORISTA - POR PRAZO DETERMINADO EM CAR\u00c1TER EMERGENCIAL."}, {"id": "7441", "ano": "2022", "numero": "155", "tipo__sigla": "PLO", "tipo__descricao": "Projeto de Lei Ordin\u00e1ria", "autoria": "Poder Executivo", "texto_original": "http://sapl.saosebastiaodocai.rs.leg.br/media/sapl/public/materialegislativa/2022/7441/projeto.executivo.069.pdf", "ementa": "PM 069/2022 - CM 155/22          PROJETO DE LEI DO EXECUTIVO MUNICIPAL QUE CONCEDE AUMENTO REAL ESCALONADO AOS VENCIMENTOS DOS SERVIDORES DO PODER EXECUTIVO, INCLU\u00cdDOS OS CONTRATADOS TEMPORARIAMENTE, OS CARGOS EM COMISS\u00c3O, FUN\u00c7\u00d5ES GRATIFICADAS E AOS SUBS\u00cdDIOS DOS CONSELHEIROS TUTELARES, BEM COMO OS PROVENTOS DOS APOSENTADOS E AS PENS\u00d5ES, EM ATENDIMENTO AO ART. 7\u00ba DA EMENDA CONSTITUCIONAL N\u00ba 41/2003, AL\u00c9M DE DAR OUTRAS PROVID\u00caNCIAS."}, {"id": "7442", "ano": "2022", "numero": "156", "tipo__sigla": "PLO", "tipo__descricao": "Projeto de Lei Ordin\u00e1ria", "autoria": "Mesa Diretora", "texto_original": "http://sapl.saosebastiaodocai.rs.leg.br/media/sapl/public/materialegislativa/2022/7442/projeto.156.concede_aumento_real.pdf", "ementa": "CM 156/22          PROJETO DE LEI, DE INICIATIVA DA MESA DIRETORA, QUE CONCEDE AUMENTO REAL ESCALONADO AOS VENCIMENTOS DOS SERVIDORES, APOSENTADOS E PENSIONISTAS DO PODER LEGISLATIVO."}, {"id": "7443", "ano": "2022", "numero": "157", "tipo__sigla": "PLO", "tipo__descricao": "Projeto de Lei Ordin\u00e1ria", "autoria": "Mesa Diretora", "texto_original": "http://sapl.saosebastiaodocai.rs.leg.br/media/sapl/public/materialegislativa/2022/7443/projeto.157.altera_a_tabela_do_art._1o_da_lei_3.320.pdf", "ementa": "CM 157/22          PROJETO DE LEI, DE INICIATIVA DA MESA DIRETORA, QUE ALTERA A TABELA DO ART. 1\u00ba DA LEI N\u00ba 3.320, DE 30 DE MAR\u00c7O DE 2011, QUE DISP\u00d5E SOBRE O PAGAMENTO DE DI\u00c1RIAS PARA VEREADORES E SERVIDORES DA C\u00c2MARA MUNICIPAL DE S\u00c3O SEBASTI\u00c3O DO CA\u00cd."}, {"id": "7452", "ano": "2022", "numero": "159", "tipo__sigla": "PLO", "tipo__descricao": "Projeto de Lei Ordin\u00e1ria", "autoria": "Poder Executivo", "texto_original": "http://sapl.saosebastiaodocai.rs.leg.br/media/sapl/public/materialegislativa/2022/7452/projeto.executivo.070.pdf", "ementa": "PM 070/2022 - CM 159/22          PROJETO DE LEI DO EXECUTIVO MUNICIPAL QUE ALTERA O ANEXO IV DA LEI MUNICIPAL N\u00ba 2.969, DE 19 DE DEZEMBRO DE 2008, QUE DISP\u00d5E SOBRE O DETALHAMENTO DOS DISPOSITIVOS DE CONTROLE DAS EDIFICA\u00c7\u00d5ES."}, {"id": "7453", "ano": "2022", "numero": "160", "tipo__sigla": "PLO", "tipo__descricao": "Projeto de Lei Ordin\u00e1ria", "autoria": "Poder Executivo", "texto_original": "http://sapl.saosebastiaodocai.rs.leg.br/media/sapl/public/materialegislativa/2022/7453/projeto.executivo.071.pdf", "ementa": "PM 071/2022 - CM 160/22          PROJETO DE LEI DO EXECUTIVO MUNICIPAL QUE ALTERA REDA\u00c7\u00c3O DA LEI MUNICIPAL N\u00ba 2.923, DE 04 DE ABRIL DE 2008, QUE ESTABELECE O PLANO DE CARREIRA DO MAGIST\u00c9RIO E D\u00c1 OUTRAS PROVID\u00caNCIAS."}, {"id": "7454", "ano": "2022", "numero": "161", "tipo__sigla": "PLO", "tipo__descricao": "Projeto de Lei Ordin\u00e1ria", "autoria": "Poder Executivo", "texto_original": "http://sapl.saosebastiaodocai.rs.leg.br/media/sapl/public/materialegislativa/2022/7454/projeto.executivo.072.pdf", "ementa": "PM 072/2022 - CM 161/22          PROJETO DE LEI DO EXECUTIVO MUNICIPAL QUE CRIA O ARQUIVO P\u00daBLICO MUNICIPAL, INSTITUI A COMISS\u00c3O PERMANENTE DE AVALIA\u00c7\u00c3O DOCUMENTAL E D\u00c1 OUTRAS PROVID\u00caNCIAS."}, {"id": "7455", "ano": "2022", "numero": "162", "tipo__sigla": "PLO", "tipo__descricao": "Projeto de Lei Ordin\u00e1ria", "autoria": "Poder Executivo", "texto_original": "http://sapl.saosebastiaodocai.rs.leg.br/media/sapl/public/materialegislativa/2022/7455/projeto.executivo.073.pdf", "ementa": "PM 073/2022 - CM 162/22          PROJETO DE LEI DO EXECUTIVO MUNICIPAL QUE ALTERA O N\u00daMERO DE VAGAS DO CARGO DE PROFESSOR DE EDUCA\u00c7\u00c3O ESPECIAL, NO QUADRO DE CARGOS DE PROVIMENTO EFETIVO DO ART. 3\u00ba, DA LEI 2.600, DE 10 DE DEZEMBRO DE 2004, E D\u00c1 OUTRAS PROVID\u00caNCIAS."}, {"id": "7456", "ano": "2022", "numero": "163", "tipo__sigla": "PLO", "tipo__descricao": "Projeto de Lei Ordin\u00e1ria", "autoria": "CESAR DOS SANTOS JUNIOR", "texto_original": "http://sapl.saosebastiaodocai.rs.leg.br/media/sapl/public/materialegislativa/2022/7456/projeto.163.instituidiadoorgulholgbtqia.rejeitado.pdf", "ementa": "CM 163/22          PROJETO DE LEI, DE INICIATIVA DO VEREADOR CESAR DOS SANTOS JUNIOR, SUBSCRITO PELOS DEMAIS, QUE INSTITUI NO MUNIC\u00cdPIO DE S\u00c3O SEBASTI\u00c3O DO CA\u00cd O DIA 28 DE JUNHO COMO DIA DE CONSCIENTIZA\u00c7\u00c3O DO ORGULHO LGBTQIA+ E D\u00c1 OUTRAS PROVID\u00caNCIAS."}, {"id": "7445", "ano": "2022", "numero": "165", "tipo__sigla": "PLO", "tipo__descricao": "Projeto de Lei Ordin\u00e1ria", "autoria": "Poder Executivo", "texto_original": "http://sapl.saosebastiaodocai.rs.leg.br/media/sapl/public/materialegislativa/2022/7445/projeto.executivo.074.pdf", "ementa": "PM 074/2022 - CM 165/22          PROJETO DE LEI DO EXECUTIVO MUNICIPAL QUE AUTORIZA O EXECUTIVO MUNICIPAL A CONTRATAR PESSOAL - MOTORISTA - POR PRAZO DETERMINADO EM CAR\u00c1TER EMERGENCIAL."}, {"id": "7446", "ano": "2022", "numero": "166", "tipo__sigla": "PLO", "tipo__descricao": "Projeto de Lei Ordin\u00e1ria", "autoria": "Poder Executivo", "texto_original": "http://sapl.saosebastiaodocai.rs.leg.br/media/sapl/public/materialegislativa/2022/7446/projeto.executivo.075.pdf", "ementa": "PM 075/2022 - CM 166/22          PROJETO DE LEI DO EXECUTIVO MUNICIPAL QUE CRIA O FUNDO MUNICIPAL DE PROTE\u00c7\u00c3O E BEM-ESTAR ANIMAL NO \u00c2MBITO DO MUNIC\u00cdPIO DE S\u00c3O SEBASTI\u00c3O DO CA\u00cd E D\u00c1 OUTRAS PROVID\u00caNCIAS."}, {"id": "7447", "ano": "2022", "numero": "167", "tipo__sigla": "PLO", "tipo__descricao": "Projeto de Lei Ordin\u00e1ria", "autoria": "Poder Executivo", "texto_original": "http://sapl.saosebastiaodocai.rs.leg.br/media/sapl/public/materialegislativa/2022/7447/projeto.executivo.076.pdf", "ementa": "PM 076/2022 - CM 167/22          PROJETO DE LEI DO EXECUTIVO MUNICIPAL QUE AUTORIZA O ACR\u00c9SCIMO DE SERVI\u00c7OS E VALORES NA PARCERIA FIRMADA COM A ASSOCIA\u00c7\u00c3O PROTETORA DOS ANIMAIS VIRA LATA DO CA\u00cd."}, {"id": "7458", "ano": "2022", "numero": "172", "tipo__sigla": "PLO", "tipo__descricao": "Projeto de Lei Ordin\u00e1ria", "autoria": "CL\u00c1UDIO RENATO BECKER.", "texto_original": "http://sapl.saosebastiaodocai.rs.leg.br/media/sapl/public/materialegislativa/2022/7458/projeto.172.denomina.de.recantoverdehallmann...ok.pdf", "ementa": "CM 172/22          PROJETO DE LEI, DE INICIATIVA DO VEREADOR CL\u00c1UDIO RENATO BECKER, SUBSCRITO PELOS DEMAIS, QUE ALTERA A REDA\u00c7\u00c3O DA EMENDA E DO ARTIGO 1\u00ba DA LEI N\u00ba 1.709, DE 03 DE JANEIRO DE 1994, QUE DENOMINA DE \"RECANTO VICENTE HALLMANN\" A LOCALIDADE SITUADA ENTRE A BARRA E PARECI VELHO."}, {"id": "7466", "ano": "2022", "numero": "180", "tipo__sigla": "PLO", "tipo__descricao": "Projeto de Lei Ordin\u00e1ria", "autoria": "Poder Executivo", "texto_original": "http://sapl.saosebastiaodocai.rs.leg.br/media/sapl/public/materialegislativa/2022/7466/projeto.executivo.077.pdf", "ementa": "PM 077/2022 - CM 180/22          PROJETO DE LEI DO EXECUTIVO MUNICIPAL QUE ABRE UM CR\u00c9DITO ESPECIAL NO VALOR DE R$ 408.563.74 (QUATROCENTOS E OITO MIL E QUINHENTOS E SESSENTA E TR\u00caS REAIS E SETENTA E QUATRO CENTAVOS) E D\u00c1 OUTRAS PROVID\u00caNCIAS."}, {"id": "7467", "ano": "2022", "numero": "181", "tipo__sigla": "PLO", "tipo__descricao": "Projeto de Lei Ordin\u00e1ria", "autoria": "Poder Executivo", "texto_original": "http://sapl.saosebastiaodocai.rs.leg.br/media/sapl/public/materialegislativa/2022/7467/projeto.executivo.078.pdf", "ementa": "PM 078/2022 - CM 181/22          PROJETO DE LEI DO EXECUTIVO MUNICIPAL QUE AUTORIZA O PODER EXECUTIVO A CONTRATAR PESSOAL - AUXILIAR DE CADASTRO IMOBILI\u00c1RIO - EM RAZ\u00c3O DE EXCEPCIONAL INTERESSE P\u00daBLICO, E D\u00c1 OUTRAS PROVID\u00caNCIAS."}, {"id": "7468", "ano": "2022", "numero": "182", "tipo__sigla": "PLO", "tipo__descricao": "Projeto de Lei Ordin\u00e1ria", "autoria": "Poder Executivo", "texto_original": "http://sapl.saosebastiaodocai.rs.leg.br/media/sapl/public/materialegislativa/2022/7468/projeto.executivo.079.pdf", "ementa": "PM 079/2022 - CM 182/22          PROJETO DE LEI DO EXECUTIVO MUNICIPAL QUE CRIA GRATIFICA\u00c7\u00c3O ESPECIAL PARA O ODONT\u00d3LOGO RESPONS\u00c1VEL PELA COORDENA\u00c7\u00c3O DO PROGRAMA DE SA\u00daDE BUCAL E D\u00c1 OUTRAS PROVID\u00caNCIAS."}, {"id": "7471", "ano": "2022", "numero": "185", "tipo__sigla": "PLO", "tipo__descricao": "Projeto de Lei Ordin\u00e1ria", "autoria": "Poder Executivo", "texto_original": "http://sapl.saosebastiaodocai.rs.leg.br/media/sapl/public/materialegislativa/2022/7471/projeto.executivo.080.pdf", "ementa": "PM 080/2022 - CM 185/22          PROJETO DE LEI DO EXECUTIVO MUNICIPAL QUE AUTORIZA A MUNICIPALIZA\u00c7\u00c3O DO TRECHO DA RODOVIA VRS 874 E D\u00c1 OUTRAS PROVID\u00caNCIAS."}, {"id": "7479", "ano": "2022", "numero": "193", "tipo__sigla": "PLO", "tipo__descricao": "Projeto de Lei Ordin\u00e1ria", "autoria": "Poder Executivo", "texto_original": "http://sapl.saosebastiaodocai.rs.leg.br/media/sapl/public/materialegislativa/2022/7479/projeto.executivo.081.pdf", "ementa": "PM 081/2022 - CM 193/22          PROJETO DE LEI DO EXECUTIVO MUNICIPAL QUE FIXA O SAL\u00c1RIO-BASE, ATRELADO AO DO PISO NACIONAL, A SER PAGO AOS AGENTES COMUNIT\u00c1RIOS DE SA\u00daDE E AGENTES DE COMBATE \u00c0S ENDEMIAS, E D\u00c1 OUTRAS PROVID\u00caNCIAS."}, {"id": "7480", "ano": "2022", "numero": "194", "tipo__sigla": "PLO", "tipo__descricao": "Projeto de Lei Ordin\u00e1ria", "autoria": "Poder Executivo", "texto_original": "http://sapl.saosebastiaodocai.rs.leg.br/media/sapl/public/materialegislativa/2022/7480/projeto.executivo.082..pdf", "ementa": "PM 082/2022 - CM 194/22          PROJETO DE LEI DO EXECUTIVO MUNICIPAL QUE ALTERA A REDA\u00c7\u00c3O DA LEI MUNICIPAL N\u00ba 4.390, DE 21 DE DEZEMBRO DE 2021, QUE ESTABELECE O C\u00d3DIGO TRIBUT\u00c1RIO DO MUNIC\u00cdPIO DE S\u00c3O SEBASTI\u00c3O DO CA\u00cd, CONSOLIDA A LEGISLA\u00c7\u00c3O TRIBUT\u00c1RIA E D\u00c1 OUTRAS PROVID\u00caNCIAS."}, {"id": "7485", "ano": "2022", "numero": "199", "tipo__sigla": "PLO", "tipo__descricao": "Projeto de Lei Ordin\u00e1ria", "autoria": "Poder Executivo", "texto_original": "http://sapl.saosebastiaodocai.rs.leg.br/media/sapl/public/materialegislativa/2022/7485/projeto.executivo.084.pdf", "ementa": "PM 084/2022 - CM 199/22          PROJETO DE LEI DO EXECUTIVO MUNICIPAL QUE ALTERA A REDA\u00c7\u00c3O DA LEI MUNICIPAL N\u00ba 4.390, DE 21 DE DEZEMBRO DE 2021, QUE ESTABELECE O C\u00d3DIGO TRIBUT\u00c1RIO DO MUNIC\u00cdPIO DE S\u00c3O SEBASTI\u00c3O DO CA\u00cd, CONSOLIDA A LEGISLA\u00c7\u00c3O TRIBUT\u00c1RIA E D\u00c1 OUTRAS PROVID\u00caNCIAS."}, {"id": "7486", "ano": "2022", "numero": "200", "tipo__sigla": "PLO", "tipo__descricao": "Projeto de Lei Ordin\u00e1ria", "autoria": "CESAR DOS SANTOS JUNIOR, CL\u00c1UDIO RENATO BECKER., DIEGO FLORES, DILSON DIOCLECIO PIRES, VILSON JOSE RECH", "texto_original": "http://sapl.saosebastiaodocai.rs.leg.br/media/sapl/public/materialegislativa/2022/7486/projeto.200.dadenominacaodecampoesportivojosemarcosdepaula....pdf", "ementa": "CM 200/22          PROJETO DE LEI DE INICIATIVA DOS VEREADORES DILSON DIOCL\u00c9CIO PIRES, CLAUDIO RENATO BECKER, DIEGO FLORES, CESAR DOS SANTOS JUNIOR E VILSON JOS\u00c9 RECH QUE D\u00c1 A DENOMINA\u00c7\u00c3O DE CAMPO ESPORTIVO JOS\u00c9 MARCOS DE PAULA AO CAMPO DE ESPORTES LOCALIZADO NA AVENIDA VEREADOR NELSON HOFF, NESTE MUNIC\u00cdPIO."}, {"id": "7492", "ano": "2022", "numero": "205", "tipo__sigla": "PLO", "tipo__descricao": "Projeto de Lei Ordin\u00e1ria", "autoria": "Poder Executivo", "texto_original": "http://sapl.saosebastiaodocai.rs.leg.br/media/sapl/public/materialegislativa/2022/7492/projeto.executivo.085.pdf", "ementa": "PM 085/2022 - CM 205/22          PROJETO DE LEI DO EXECUTIVO MUNICIPAL QUE DISP\u00d5E SOBRE AS DIRETRIZES OR\u00c7AMENT\u00c1RIAS PARA O EXERC\u00cdCIO FINANCEIRO DE 2023."}, {"id": "7491", "ano": "2022", "numero": "206", "tipo__sigla": "PLO", "tipo__descricao": "Projeto de Lei Ordin\u00e1ria", "autoria": "Poder Executivo", "texto_original": "http://sapl.saosebastiaodocai.rs.leg.br/media/sapl/public/materialegislativa/2022/7491/projeto.executivo.083.pdf", "ementa": "PM 083/2022 - CM 206/22          PROJETO DE LEI DO EXECUTIVO MUNICIPAL QUE AUTORIZA O PODER EXECUTIVO MUNICIPAL A INSTITUIR INCENTIVOS PARA A CRIA\u00c7\u00c3O DE ESTACIONAMENTOS EM TERRENOS N\u00c3O EDIFICADOS DO MUNIC\u00cdPIO E D\u00c1 OUTRAS PROVID\u00caNCIAS."}, {"id": "7493", "ano": "2022", "numero": "207", "tipo__sigla": "PLO", "tipo__descricao": "Projeto de Lei Ordin\u00e1ria", "autoria": "Poder Executivo", "texto_original": "http://sapl.saosebastiaodocai.rs.leg.br/media/sapl/public/materialegislativa/2022/7493/projeto.executivo.086.pdf", "ementa": "PM 086/2022 - CM 207/22          PROJETO DE LEI DO EXECUTIVO MUNICIPAL QUE ABRE UM CR\u00c9DITO ESPECIAL NO VALOR DE R$ 200.000,00 (DUZENTOS MIL REAIS) E D\u00c1 OUTRAS PROVID\u00caNCIAS."}, {"id": "7500", "ano": "2022", "numero": "211", "tipo__sigla": "PLO", "tipo__descricao": "Projeto de Lei Ordin\u00e1ria", "autoria": "Poder Executivo", "texto_original": "http://sapl.saosebastiaodocai.rs.leg.br/media/sapl/public/materialegislativa/2022/7500/projeto.executivo.087.pdf", "ementa": "PM 087/2022 - CM 211/22          PROJETO DE LEI DO EXECUTIVO MUNICIPAL QUE AUTORIZA O EXECUTIVO MUNICIPAL A ALIENAR IM\u00d3VEL DE PROPRIEDADE DO MUNIC\u00cdPIO E D\u00c1 OUTRAS PROVID\u00caNCIAS."}, {"id": "7501", "ano": "2022", "numero": "212", "tipo__sigla": "PLO", "tipo__descricao": "Projeto de Lei Ordin\u00e1ria", "autoria": "Poder Executivo", "texto_original": "http://sapl.saosebastiaodocai.rs.leg.br/media/sapl/public/materialegislativa/2022/7501/projeto.executivo.088.pdf", "ementa": "PM 088/2022 - CM 212/22          PROJETO DE LEI DO EXECUTIVO MUNICIPAL QUE AUTORIZA O EXECUTIVO MUNICIPAL A COLABORAR EM A\u00c7\u00d5ES DE INCENTIVO \u00c0 AQUISI\u00c7\u00c3O DE PRODUTOS E SERVI\u00c7OS EM EMPRESAS LOCAIS."}, {"id": "7499", "ano": "2022", "numero": "213", "tipo__sigla": "PLO", "tipo__descricao": "Projeto de Lei Ordin\u00e1ria", "autoria": "Poder Executivo", "texto_original": "http://sapl.saosebastiaodocai.rs.leg.br/media/sapl/public/materialegislativa/2022/7499/projeto.executivo.089.pdf", "ementa": "PM 089/2022 - CM 213/22          PROJETO DE LEI DO EXECUTIVO MUNICIPAL QUE ABRE UM CR\u00c9DITO ESPECIAL NO VALOR DE R$ 80.200,00 (OITENTA MIL E DUZENTOS REAIS) E D\u00c1 OUTRAS PROVID\u00caNCIAS."}, {"id": "7502", "ano": "2022", "numero": "220", "tipo__sigla": "PLO", "tipo__descricao": "Projeto de Lei Ordin\u00e1ria", "autoria": "ANAST\u00c1CIO DA SILVA., CESAR DOS SANTOS JUNIOR, CL\u00c1UDIO RENATO BECKER., DIEGO FLORES, DILSON DIOCLECIO PIRES, ELSON LOPES., JO\u00c3O MARCOS DUARTE GUAR\u00c1, NILSE MARIA ALVES DE LIMA", "texto_original": "http://sapl.saosebastiaodocai.rs.leg.br/media/sapl/public/materialegislativa/2022/7502/projeto.220.altera.denominacao.da.estrada.doangico....pdf", "ementa": "CM 220/22          PROJETO DE LEI, DE INICIATIVA DOS VEREADORES JO\u00c3O MARCOS DUARTE GUAR\u00c1, CL\u00c1UDIO RENATO BECKER, ELSON LOPES, DIEGO FLORES, ANAST\u00c1CIO DA SILVA, DILSON DIOCLECIO PIRES, NILSE MARIA ALVES DE LIMA E CESAR DOS SANTOS JUNIOR,  , QUE ALTERA A DENOMINA\u00c7\u00c3O DA \"ESTRADA DO ANGICO\" PARA \"RUA JO\u00c3O CANTAROLA DA SILVA REIS\"."}, {"id": "7508", "ano": "2022", "numero": "221", "tipo__sigla": "PLO", "tipo__descricao": "Projeto de Lei Ordin\u00e1ria", "autoria": "Poder Executivo", "texto_original": "http://sapl.saosebastiaodocai.rs.leg.br/media/sapl/public/materialegislativa/2022/7508/projeto.executivo.090.pdf", "ementa": "PM 090/2022 - CM 221/22          PROJETO DE LEI DO EXECUTIVO MUNICIPAL QUE ABRE UM CR\u00c9DITO ESPECIAL NO VAOR DE R$ 10.000,00 (DEZ MIL REAIS) E D\u00c1 OUTRAS PROVID\u00caNCIAS."}, {"id": "7509", "ano": "2022", "numero": "222", "tipo__sigla": "PLO", "tipo__descricao": "Projeto de Lei Ordin\u00e1ria", "autoria": "Poder Executivo", "texto_original": "http://sapl.saosebastiaodocai.rs.leg.br/media/sapl/public/materialegislativa/2022/7509/projeto.executivo.091.pdf", "ementa": "PM 091/2022 - CM 222/22          PROJETO DE LEI DO EXECUTIVO MUNICIPAL QUE ABRE UM CR\u00c9DITO ESPECIAL NO VALOR DE R$ 68.374,92 (SESSENTA E OITO MIL, TREZENTOS E SETENTA E QUATRO REAIS E NOVENTA E DOIS CENTAVOS) E D\u00c1 OUTRAS PROVID\u00caNCIAS."}, {"id": "7510", "ano": "2022", "numero": "223", "tipo__sigla": "PLO", "tipo__descricao": "Projeto de Lei Ordin\u00e1ria", "autoria": "Poder Executivo", "texto_original": "http://sapl.saosebastiaodocai.rs.leg.br/media/sapl/public/materialegislativa/2022/7510/projeto.executivo.092.pdf", "ementa": "PM 092/2022 - CM 223/22          PROJETO DE LEI DO EXECUTIVO MUNCIPAL QUE AUTORIZA O EXECUTIVO MUNICIPAL A CONTRATAR PESSOAL - PROFESSOR DE EDUCA\u00c7\u00c3O ESPECIAL - POR PRAZO DETERMINADO EM CAR\u00c1TER EMERGENCIAL."}, {"id": "7511", "ano": "2022", "numero": "224", "tipo__sigla": "PLO", "tipo__descricao": "Projeto de Lei Ordin\u00e1ria", "autoria": "Poder Executivo", "texto_original": "http://sapl.saosebastiaodocai.rs.leg.br/media/sapl/public/materialegislativa/2022/7511/projeto.executivo.093.pdf", "ementa": "PM 093/2022 - CM 224/22          PROJETO DE LEI DO EXECUTIVO MUNCIPAL QUE ALTERA A REDA\u00c7\u00c3O DA LEI MUNICIPAL N\u00ba 4.103, DE 29 DE JANEIRO DE 2019, QUE ESTABELECE O C\u00d3DIGO SANIT\u00c1RIO DO MUNIC\u00cdPIO DE S\u00c3O SEBASTI\u00c3O DO CA\u00cd E D\u00c1 OUTRAS PROVID\u00caNCIAS."}, {"id": "7517", "ano": "2022", "numero": "229", "tipo__sigla": "PLO", "tipo__descricao": "Projeto de Lei Ordin\u00e1ria", "autoria": "Poder Executivo", "texto_original": "http://sapl.saosebastiaodocai.rs.leg.br/media/sapl/public/materialegislativa/2022/7517/projeto.executivo.094.pdf", "ementa": "PM 094/2022 - CM 229/22          PROJETO DE LEI DO EXECUTIVO MUNICIPAL QUE AUTORIZA O EXECUTIVO MUNICIPAL A RECEBER EM DOA\u00c7\u00c3O UMA \u00c1REA DE TERRAS LOCALIZADA NO LOTEAMENTO POPULAR E D\u00c1 OUTRAS PROVID\u00caNCIAS."}, {"id": "7518", "ano": "2022", "numero": "230", "tipo__sigla": "PLO", "tipo__descricao": "Projeto de Lei Ordin\u00e1ria", "autoria": "Poder Executivo", "texto_original": "http://sapl.saosebastiaodocai.rs.leg.br/media/sapl/public/materialegislativa/2022/7518/projeto.executivo.095.pdf", "ementa": "PM 095/2022 - CM 230/22          PROJETO DE LEI DO EXECUTIVO MUNICIPAL QUE AUTORIZA O EXECUTIVO MUNICIPAL A RECEBER EM DOA\u00c7\u00c3O UMA \u00c1REA DE TERRAS LOCALIZADA NO LOTEAMENTO POPULAR E D\u00c1 OUTRAS PROVID\u00caNCIAS."}, {"id": "7519", "ano": "2022", "numero": "231", "tipo__sigla": "PLO", "tipo__descricao": "Projeto de Lei Ordin\u00e1ria", "autoria": "Poder Executivo", "texto_original": "http://sapl.saosebastiaodocai.rs.leg.br/media/sapl/public/materialegislativa/2022/7519/projeto.executivo.096.pdf", "ementa": "PM 096/2022 - CM 231/22          PROJETO DE LEI DO EXECUTIVO MUNICIPAL QUE ALTERA O N\u00daMERO DE VAGAS DO CARGO EM EXTIN\u00c7\u00c3O DE SERVENTE, NO QUADRO DE CARGOS DE PROVIMENTO EFETIVO DO ART. 3\u00ba DA LEI N\u00ba 2.600 DE 10 DE DEZEMBRO DE 2004, E D\u00c1 OUTRAS PROVID\u00caNCIAS."}, {"id": "7521", "ano": "2022", "numero": "233", "tipo__sigla": "PLO", "tipo__descricao": "Projeto de Lei Ordin\u00e1ria", "autoria": "Poder Executivo", "texto_original": "http://sapl.saosebastiaodocai.rs.leg.br/media/sapl/public/materialegislativa/2022/7521/projeto.executivo.097.pdf", "ementa": "PM 097/2022 - CM 233/22          PROJETO DE LEI DO EXECUTIVO MUNICIPAL QUE ALTERA A REDA\u00c7\u00c3O DA LEI MUNICIPAL N\u00ba 4.486, DE 20 DE JULHO DE 2022, QUE AUTORIZA A MUNICIPALIZA\u00c7\u00c3O DE TRECHO DA RODOVIA VRS 874 E D\u00c1 OUTRAS PROVID\u00caNCIAS."}, {"id": "7525", "ano": "2022", "numero": "241", "tipo__sigla": "PLO", "tipo__descricao": "Projeto de Lei Ordin\u00e1ria", "autoria": "Poder Executivo", "texto_original": "http://sapl.saosebastiaodocai.rs.leg.br/media/sapl/public/materialegislativa/2022/7525/projeto.executivo.098.pdf", "ementa": "PM 098/2022 - CM 241/22          PROJETO DE LEI DO EXECUTIVO MUNICIPAL QUE CRIA GRATIFICA\u00c7\u00c3O PARA SERVIDORES EFETIVOS OCUPANTES DO CARGO EFETIVO DE CONTRAMESTRE QUE DESEMPENHEM ATIVIDADE DE PLANEJAMENTO E AN\u00c1LISE DE DEMANDAS PROTOCOLADAS JUNTO A SECRETARIA DE OBRAS DO MUNIC\u00cdPIO DE S\u00c3O SEBASTI\u00c3O DO CA\u00cd E D\u00c1 OUTRAS PROVID\u00caNCIAS."}, {"id": "7526", "ano": "2022", "numero": "242", "tipo__sigla": "PLO", "tipo__descricao": "Projeto de Lei Ordin\u00e1ria", "autoria": "Poder Executivo", "texto_original": "http://sapl.saosebastiaodocai.rs.leg.br/media/sapl/public/materialegislativa/2022/7526/projeto.executivo.099.pdf", "ementa": "PM 099/2022 - CM 242/22          CRIA GRATIFICA\u00c7\u00c3O PARA SERVIDOR EFETIVO NO \u00c2MBITO DO PODER EXECUTIVO DO MUNIC\u00cdPIO DE S\u00c3O SEBASTI\u00c3O DO CA\u00cd E D\u00c1 OUTRAS PROVID\u00caNCIAS."}, {"id": "7527", "ano": "2022", "numero": "243", "tipo__sigla": "PLO", "tipo__descricao": "Projeto de Lei Ordin\u00e1ria", "autoria": "Poder Executivo", "texto_original": "http://sapl.saosebastiaodocai.rs.leg.br/media/sapl/public/materialegislativa/2022/7527/projeto.executivo.100.pdf", "ementa": "PM 100/2022 - CM 243/22          PROJETO DE LEI DO EXECUTIVO MUNICIPAL QUE CRIA GRATIFICA\u00c7\u00c3O PARA SERVIDORES EFETIVOS DA \u00c1REA ADMINISTRATIVA QUE DESEMPENHEM SUAS FUN\u00c7\u00d5ES JUNTO A SECRETARIA DA SA\u00daDE DO MUNIC\u00cdPIO DE S\u00c3O SEBASTI\u00c3O DO CA\u00cd E D\u00c1 OUTRAS PROVID\u00caNCIAS."}, {"id": "7528", "ano": "2022", "numero": "244", "tipo__sigla": "PLO", "tipo__descricao": "Projeto de Lei Ordin\u00e1ria", "autoria": "Poder Executivo", "texto_original": "http://sapl.saosebastiaodocai.rs.leg.br/media/sapl/public/materialegislativa/2022/7528/projeto.executivo.101.pdf", "ementa": "PM 101/2022 - CM 244/22          PROJETO DE LEI DO EXECUTIVO MUNICIPAL QUE INSTITUI O SISTEMA DE SOBREAVISO NO SERVI\u00c7O P\u00daBLICO MUNICIPAL E D\u00c1 OUTRAS PROVID\u00caNCIAS."}, {"id": "7529", "ano": "2022", "numero": "245", "tipo__sigla": "PLO", "tipo__descricao": "Projeto de Lei Ordin\u00e1ria", "autoria": "Poder Executivo", "texto_original": "http://sapl.saosebastiaodocai.rs.leg.br/media/sapl/public/materialegislativa/2022/7529/projeto.executivo.102.pdf", "ementa": "PM 102/2022 - CM 245/22          PROJETO DE LEI DO EXECUTIVO MUNICIPAL QUE CRIA PADR\u00c3O E CONSOLIDA A TABELA CONSTANTE NO INCISO I DO ARTIGO 19 DA LEI MUNICIPAL N\u00ba 2.600, DE 10 DE DEZEMBRO DE 2004, BEM COMO ALTERA O VENCIMENTO DO CARGO DE MONITOR DE EDUCA\u00c7\u00c3O INFANTIL, NO QUADRO DE CARGOS DE PROVIMENTO EFETIVO CONSTANTE NA LEI 2.600, DE 10 DE DEZEMBRO DE 2004 E D\u00c1 OUTRAS PROVID\u00caNCIAS."}, {"id": "7530", "ano": "2022", "numero": "246", "tipo__sigla": "PLO", "tipo__descricao": "Projeto de Lei Ordin\u00e1ria", "autoria": "Poder Executivo", "texto_original": "http://sapl.saosebastiaodocai.rs.leg.br/media/sapl/public/materialegislativa/2022/7530/projeto.executivo.103.pdf", "ementa": "PM 103/2022 - CM 246/22          PROJETO DE LEI DO EXECUTIVO MUNICIPAL QUE ALTERA REDA\u00c7\u00c3O DO ARTIGO 1\u00ba DA LEI MUNICIPAL N\u00ba 4.125, DE 23 DE ABRIL DE 2019, QUE CRIA GRATIFICA\u00c7\u00c3O ESPECIAL POR ATIVIDADE JUNTO \u00c0 CENTRAL DE VIDEOMONITORAMENTO DO MUNIC\u00cdPIO E D\u00c1 OUTRAS PROVID\u00caNCIAS."}, {"id": "7531", "ano": "2022", "numero": "247", "tipo__sigla": "PLO", "tipo__descricao": "Projeto de Lei Ordin\u00e1ria", "autoria": "Poder Executivo", "texto_original": "http://sapl.saosebastiaodocai.rs.leg.br/media/sapl/public/materialegislativa/2022/7531/projeto.executivo.104.pdf", "ementa": "PM 104/2022 - CM 247/22          PROJETO DE LEI DO EXECUTIVO MUNICIPAL QUE REVOGA A LEI MUNICIPAL N\u00ba 4.367, QUE DISP\u00d5E SOBRE A IMPLANTA\u00c7\u00c3O DO PROGRAMA DE PAVIMENTA\u00c7\u00c3O COMUNIT\u00c1RIA DE VIAS P\u00daBLICAS, AUTORIZA A FIRMATURA DE PARCERIAS PARA SUA EXECU\u00c7\u00c3O E D\u00c1 OUTRAS PROVID\u00caNCIAS."}, {"id": "7536", "ano": "2022", "numero": "248", "tipo__sigla": "PLO", "tipo__descricao": "Projeto de Lei Ordin\u00e1ria", "autoria": "Poder Executivo", "texto_original": "http://sapl.saosebastiaodocai.rs.leg.br/media/sapl/public/materialegislativa/2022/7536/projeto.executivo.105.pdf", "ementa": "PM 105/2022 - CM 248/22          ALTERA REDA\u00c7\u00c3O DO ARTIGO 1\u00ba DA LEI MUNICIPAL N\u00ba 4.436, DE 11 DE MAR\u00c7O DE 2022, QUE CRIA GRATIFICA\u00c7\u00c3O PARA SERVIDORES EFETIVOS NO \u00c2MBITO DO MUNIC\u00cdPIO DE S\u00c3O SEBASTI\u00c3O DO CA\u00cd E D\u00c1 OUTRAS PROVID\u00caNCIAS."}, {"id": "7541", "ano": "2022", "numero": "253", "tipo__sigla": "PLO", "tipo__descricao": "Projeto de Lei Ordin\u00e1ria", "autoria": "Poder Executivo", "texto_original": "http://sapl.saosebastiaodocai.rs.leg.br/media/sapl/public/materialegislativa/2022/7541/projeto.executivo.106.pdf", "ementa": "PM 106/2022 - CM 253/22          PROJETO DE LEI DO EXECUTIVO MUNICIPAL QUE INSTITUI NO \u00c2MBITO DO MUNIC\u00cdPIO O M\u00caS ABRIL VERDE, DEDICADO AS A\u00c7\u00d5ES DE CONSCIENTIZA\u00c7\u00c3O E PREVEN\u00c7\u00c3O DE ACIDENTES E DOEN\u00c7AS RELACIONADAS AO TRABALHO."}, {"id": "7546", "ano": "2022", "numero": "258", "tipo__sigla": "PLO", "tipo__descricao": "Projeto de Lei Ordin\u00e1ria", "autoria": "Poder Executivo", "texto_original": "http://sapl.saosebastiaodocai.rs.leg.br/media/sapl/public/materialegislativa/2022/7546/projeto.executivo.107.pdf", "ementa": "PM 107/2022 - CM 258/22          PROJETO DE LEI DO EXECUTIVO MUNICIPAL QUE ALTERA DISPOSITIVOS DA LEI MUNICIPAL N\u00ba 4.415, DE 25 DE JANEIRO DE 2022, QUE ALTEROU O QUADRO DE CARGOS CONSTANTE NO ART. 3\u00ba DA LEI MUNICIPAL N\u00ba 2.600, DE 10 DE DEZEMBRO DE 2004 E D\u00c1 OUTRAS PROVID\u00caNCIAS."}, {"id": "7547", "ano": "2022", "numero": "259", "tipo__sigla": "PLO", "tipo__descricao": "Projeto de Lei Ordin\u00e1ria", "autoria": "Poder Executivo", "texto_original": "http://sapl.saosebastiaodocai.rs.leg.br/media/sapl/public/materialegislativa/2022/7547/projeto.executivo.108.pdf", "ementa": "PM 108/2022 - CM 259/22          PROJETO DE LEI DO EXECUTIVO MUNICIPAL QUE AUTORIZA O EXECUTIVO MUNICIPAL A CONTRATAR PESSOAL - ASSISTENTE ADMINISTRATIVO - POR PRAZO DETERMINADO EM CAR\u00c1TER EMERGENCIAL."}, {"id": "7548", "ano": "2022", "numero": "260", "tipo__sigla": "PLO", "tipo__descricao": "Projeto de Lei Ordin\u00e1ria", "autoria": "Poder Executivo", "texto_original": "http://sapl.saosebastiaodocai.rs.leg.br/media/sapl/public/materialegislativa/2022/7548/projeto.executivo.109.pdf", "ementa": "PM 109/2022 - CM 260/22          PROJETO DE LEI DO EXECUTIVO MUNICIPAL QUE ALTERA DISPOSITIVO DA LEI MUNICIPAL N\u00ba 2.600, DE 10 DE DEZEMBRO DE 2004, QUE DISP\u00d5E SOBRE O QUADRO DE CARGOS E FUN\u00c7\u00d5ES P\u00daBLICAS DO MUNIC\u00cdPIO; ESTABELECE O PLANO DE CARREIRA DOS SERVIDORES E D\u00c1 OUTRAS PROVID\u00caNCIAS."}, {"id": "7549", "ano": "2022", "numero": "261", "tipo__sigla": "PLO", "tipo__descricao": "Projeto de Lei Ordin\u00e1ria", "autoria": "Poder Executivo", "texto_original": "http://sapl.saosebastiaodocai.rs.leg.br/media/sapl/public/materialegislativa/2022/7549/projeto.executivo.110.pdf", "ementa": "PM 110/2022 - CM 261/22          PROJETO DE LEI DO EXECUTIVO MUNICIPAL QUE INSTITUI AJUDA DE CUSTO PARA M\u00c9DICO PARTICIPANTE DO PROGRAMA M\u00c9DICOS PELO BRASIL NO \u00c2MBITO DO MUNIC\u00cdPIO E D\u00c1 OUTRAS PROVID\u00caNCIAS."}, {"id": "7550", "ano": "2022", "numero": "262", "tipo__sigla": "PLO", "tipo__descricao": "Projeto de Lei Ordin\u00e1ria", "autoria": "Poder Executivo", "texto_original": "http://sapl.saosebastiaodocai.rs.leg.br/media/sapl/public/materialegislativa/2022/7550/projeto.executivo.111.pdf", "ementa": "PM 111/2022 - CM 262/22          PROJETO DE LEI DO EXECUTIVO MUNICIPAL QUE AUTORIZA O PODER EXECUTIVO MUNICIPAL A CONCEDER INCENTIVOS AO PRODUTOR RURAL EDVILSON TERNES, E D\u00c1 OUTRAS PROVID\u00caNCIAS."}, {"id": "7551", "ano": "2022", "numero": "263", "tipo__sigla": "PLO", "tipo__descricao": "Projeto de Lei Ordin\u00e1ria", "autoria": "Poder Executivo", "texto_original": "http://sapl.saosebastiaodocai.rs.leg.br/media/sapl/public/materialegislativa/2022/7551/projeto.executivo.112.pdf", "ementa": "PM 112/2022 - CM 263/22          PROJETO DE LEI DO EXECUTIVO MUNICIPAL QUE AUTORIZA O PODER EXECUTIVO MUNICIPAL A CONCEDER INCENTIVO \u00c0 EMPRESA BIOETAL DO BRASIL LTDA."}, {"id": "7555", "ano": "2022", "numero": "267", "tipo__sigla": "PLO", "tipo__descricao": "Projeto de Lei Ordin\u00e1ria", "autoria": "Poder Executivo", "texto_original": "http://sapl.saosebastiaodocai.rs.leg.br/media/sapl/public/materialegislativa/2022/7555/projeto.executivo.113.pdf", "ementa": "PM 113/2022 - CM 267/22          PROJETO DE LEI DO EXECUTIVO MUNICIPAL QUE AUTORIZA O EXECUTIVO MUNICIPAL A ADQUIRIR IM\u00d3VEL SEM BENFEITORIAS E D\u00c1 OUTRAS PROVID\u00caNCIAS."}, {"id": "7556", "ano": "2022", "numero": "268", "tipo__sigla": "PLO", "tipo__descricao": "Projeto de Lei Ordin\u00e1ria", "autoria": "Poder Executivo", "texto_original": "http://sapl.saosebastiaodocai.rs.leg.br/media/sapl/public/materialegislativa/2022/7556/projeto.executivo.114.pdf", "ementa": "PM 114/2022 - CM 268/22          PROJETO DE LEI DO EXECUTIVO MUNICIPAL QUE CRIA GRATIFICA\u00c7\u00d5ES PARA SERVIDORES EFETIVOS NO \u00c2MBITO DO PODER EXECUTIVO DO MUNIC\u00cdPIO DE S\u00c3O SEBASTI\u00c3O DO CA\u00cd E D\u00c1 OUTRAS PROVID\u00caNCIAS."}, {"id": "7557", "ano": "2022", "numero": "269", "tipo__sigla": "PLO", "tipo__descricao": "Projeto de Lei Ordin\u00e1ria", "autoria": "Poder Executivo", "texto_original": "http://sapl.saosebastiaodocai.rs.leg.br/media/sapl/public/materialegislativa/2022/7557/projeto.executivo.115.pdf", "ementa": "PM 115/2022 - CM 269/22          PROJETO DE LEI DO EXECUTIVO MUNICIPAL QUE ALTERA REDA\u00c7\u00c3O DO ARTIGO 2\u00ba DA LEI MUNICIPAL N\u00ba 3.023, DE 07 DE ABRIL DE 2009, QUE CRIA A COMISS\u00c3O PERMANENTE DE SINDIC\u00c2NCIA E PROCESSO ADMINISTRATIVO DISCIPLINAR E D\u00c1 OUTRAS PROVID\u00caNCIAS."}, {"id": "7558", "ano": "2022", "numero": "270", "tipo__sigla": "PLO", "tipo__descricao": "Projeto de Lei Ordin\u00e1ria", "autoria": "Poder Executivo", "texto_original": "http://sapl.saosebastiaodocai.rs.leg.br/media/sapl/public/materialegislativa/2022/7558/projeto.executivo.116.pdf", "ementa": "PM 116/2022 - CM 270/22          PROJETO DE LEI DO EXECUTIVO MUNICIPAL QUE ALTERA A REDA\u00c7\u00c3O DA LEI MUNICIPAL N\u00ba 3.116, DE 25 DE NOVEMBRO DE 2009, QUE DISP\u00d5E SOBRE A POL\u00cdTICA AMBIENTAL DO MUNIC\u00cdPIO DE S\u00c3O SEBASTI\u00c3O DO CA\u00cd E D\u00c1 OUTRAS PROVID\u00caNCIAS."}, {"id": "7559", "ano": "2022", "numero": "271", "tipo__sigla": "PLO", "tipo__descricao": "Projeto de Lei Ordin\u00e1ria", "autoria": "CESAR DOS SANTOS JUNIOR, DIEGO FLORES, DILSON DIOCLECIO PIRES, NILSE MARIA ALVES DE LIMA", "texto_original": "http://sapl.saosebastiaodocai.rs.leg.br/media/sapl/public/materialegislativa/2022/7559/projeto.271.dispoe_sobre_divulgacao_obrigatoria....pdf", "ementa": "CM 271/22          PROJETO DE LEI DE INICIATIVA DO VEREADOR CESAR DOS SANTOS JUNIOR, SUBCRITO PELOS DEMAIS, QUE DISP\u00d5E SOBRE A DIVULGA\u00c7\u00c3O OBRIGAT\u00d3RIA DA LISTA DE ESPERA DE CRIAN\u00c7AS POR VAGAS NAS ESCOLAS MUNICIPAIS DE EDUCA\u00c7\u00c3O INFANTIL - EMEI'S."}, {"id": "7563", "ano": "2022", "numero": "275", "tipo__sigla": "PLO", "tipo__descricao": "Projeto de Lei Ordin\u00e1ria", "autoria": "Poder Executivo", "texto_original": "http://sapl.saosebastiaodocai.rs.leg.br/media/sapl/public/materialegislativa/2022/7563/projeto.executivo.117.pdf", "ementa": "PM 117/2022 - CM 275/22          PROJETO DE LEI DO EXECUTIVO MUNICIPAL QUE ALTERA REDA\u00c7\u00c3O DA LEI MUNICIPAL N\u00ba 2.923, DE 04 DE ABRIL DE 2008, QUE ESTABELECE O PLANO DE CARREIRA DO MAGISTERIO, REVOGA A LEI MUNICIPAL N\u00ba 4.029, DE 30 DE JANEIRO DE 2018, E D\u00c1 OUTRAS PROVID\u00caNCIAS."}, {"id": "7566", "ano": "2022", "numero": "278", "tipo__sigla": "PLO", "tipo__descricao": "Projeto de Lei Ordin\u00e1ria", "autoria": "Poder Executivo", "texto_original": "http://sapl.saosebastiaodocai.rs.leg.br/media/sapl/public/materialegislativa/2022/7566/projeto.executivo.118.pdf", "ementa": "PM 118/2022 - CM 278/22          PROJETO DE LEI DO EXECUTIVO MUNICIPAL QUE RETIFICA O ARTIGO 1\u00ba DA LEI MUNICIPAL N\u00ba 4.511, DE 23 DE SETEMBRO DE 2022, QUE ALTEROU A REDA\u00c7\u00c3O DO ARTIGO 1\u00ba DA LEI MUNICIPAL N\u00ba 4.125, DE 23 DE ABRIL DE 2019, QUE CRIA GRATIFICA\u00c7\u00c3O ESPECIAL POR ATIVIDADE JUNTO \u00c0 CENTRAL DE VIDEOMONITORAMENTO DO MUNIC\u00cdPIO E D\u00c1 OUTRAS PROVID\u00caNCIAS."}, {"id": "7567", "ano": "2022", "numero": "279", "tipo__sigla": "PLO", "tipo__descricao": "Projeto de Lei Ordin\u00e1ria", "autoria": "Poder Executivo", "texto_original": "http://sapl.saosebastiaodocai.rs.leg.br/media/sapl/public/materialegislativa/2022/7567/projeto.executivo.119.pdf", "ementa": "PM 119/2022 - CM 279/22          PROJETO DE LEI DO EXECUTIVO MUNICIPAL QUE AUTORIZA O PODER EXECUTIVO MUNICIPAL A REPASSAR VALORES PARA A ASSOCIA\u00c7\u00c3O DOS PAIS E AMIGOS DOS EXCEPCIONAIS DE S\u00c3O SEBASTI\u00c3O DO CA\u00cd - APAE E D\u00c1 OUTRAS PROVID\u00caNCIAS."}, {"id": "7568", "ano": "2022", "numero": "280", "tipo__sigla": "PLO", "tipo__descricao": "Projeto de Lei Ordin\u00e1ria", "autoria": "Vereadores", "texto_original": "http://sapl.saosebastiaodocai.rs.leg.br/media/sapl/public/materialegislativa/2022/7568/projeto.280.estabelece.prioridade.no.atendimento...retirado.pdf", "ementa": "CM 280/22\u00a0 \u00a0 \u00a0 \u00a0 \u00a0PROJETO DE LEI DE INICIATIVA DO VEREADOR CESAR DOS SANTOS JUNIOR, SUBSCRITO PELOS DEMAIS, QUE ESTABELECE PRIORIDADE NO ATENDIMENTO EM ESTABELECIMENTOS P\u00daBLICOS E PRIVADOS \u00c0S PESSOAS COM TRANSTORNO DO ESPECTRO AUTISTA - TEA."}, {"id": "7569", "ano": "2022", "numero": "281", "tipo__sigla": "PLO", "tipo__descricao": "Projeto de Lei Ordin\u00e1ria", "autoria": "Vereadores", "texto_original": "http://sapl.saosebastiaodocai.rs.leg.br/media/sapl/public/materialegislativa/2022/7569/projeto.281.denomina.rua.loteamento.angico.pdf", "ementa": "CM 281/22 \u00a0 \u00a0 \u00a0 \u00a0 \u00a0PROJETO DE LEI DE INICIATIVA DO VEREADOR JO\u00c3O MARCOS DUARTE GUAR\u00c1, SUBSCRITO PELOS DEMAIS,\u00a0 QUE D\u00c1 A DENOMINA\u00c7\u00c3O DE RUA LUCIANO SCHNEIDER PARA A RUA C DO LOTEAMENTO ANGICO II, NESTE MUNIC\u00cdPIO."}, {"id": "7570", "ano": "2022", "numero": "282", "tipo__sigla": "PLO", "tipo__descricao": "Projeto de Lei Ordin\u00e1ria", "autoria": "ANAST\u00c1CIO DA SILVA.", "texto_original": "http://sapl.saosebastiaodocai.rs.leg.br/media/sapl/public/materialegislativa/2022/7570/projeto.282.denomina.ruas.doloteamento.vila.nova.pdf", "ementa": "CM 282/22\u00a0 \u00a0 \u00a0 \u00a0 \u00a0 \u00a0PROJETO DE LEI DE INICIATIVA DO VEREADOR ANAST\u00c1CIO DA SILVA QUE D\u00c1 A DENOMINA\u00c7\u00c3O \u00c0S RUAS DO LOTEAMENTO VILA NOVA, NESTE MUNIC\u00cdPIO."}, {"id": "7571", "ano": "2022", "numero": "283", "tipo__sigla": "PLO", "tipo__descricao": "Projeto de Lei Ordin\u00e1ria", "autoria": "Poder Executivo", "texto_original": "http://sapl.saosebastiaodocai.rs.leg.br/media/sapl/public/materialegislativa/2022/7571/projeto.executivo.120.loa.pdf", "ementa": "PM 120/2022 - CM 283/22          PROJETO DE LEI DO EXECUTIVO MUNICIPAL QUE ESTIMA A RECEITA E FIXA A DESPESA DO MUNIC\u00cdPIO DE S\u00c3O SEBASTI\u00c3O DO CA\u00cd PARA O EXERC\u00cdCIO FINANCEIRO DE 2023."}, {"id": "7572", "ano": "2022", "numero": "284", "tipo__sigla": "PLO", "tipo__descricao": "Projeto de Lei Ordin\u00e1ria", "autoria": "Poder Executivo", "texto_original": "http://sapl.saosebastiaodocai.rs.leg.br/media/sapl/public/materialegislativa/2022/7572/projeto.executivo.121.pdf", "ementa": "PM 121/2022 - CM 284/22          PROJETO DE LEI DO EXECUTIVO MUNICIPAL QUE ALTERA A REDA\u00c7\u00c3O DA LEI MUNICIPAL N\u00ba 4.403, DE 04 DE JANEIRO DE 2022, QUE INSTITUI O REGULAMENTO PARA A REALIZA\u00c7\u00c3O DE CONCURSO P\u00daBLICO NO \u00c2MBITO DO MUNIC\u00cdPIO DE S\u00c3O SEBASTI\u00c3O DO CA\u00cd E D\u00c1 OUTRAS PROVID\u00caNCIAS."}, {"id": "7574", "ano": "2022", "numero": "286", "tipo__sigla": "PLO", "tipo__descricao": "Projeto de Lei Ordin\u00e1ria", "autoria": "Poder Executivo", "texto_original": "http://sapl.saosebastiaodocai.rs.leg.br/media/sapl/public/materialegislativa/2022/7574/projeto.executivo.122.pdf", "ementa": "PM 122/2022 - CM 286/22           PROJETO DE LEI DO EXECUTIVO MUNICIPAL QUE AUTORIZA A CELEBRA\u00c7\u00c3O DE PARCERIA COM A ASSOCIA\u00c7\u00c3O PROTETORA DOS ANIMAIS VIRA LATA DO CA\u00cd."}, {"id": "7575", "ano": "2022", "numero": "287", "tipo__sigla": "PLO", "tipo__descricao": "Projeto de Lei Ordin\u00e1ria", "autoria": "Poder Executivo", "texto_original": "http://sapl.saosebastiaodocai.rs.leg.br/media/sapl/public/materialegislativa/2022/7575/projeto.executivo.123..pdf", "ementa": "PM 123/2022 - CM 287/22          PROJETO DE LEI DO EXECUTIVO MUNICIPAL QUE AUTORIZA A CELEBRA\u00c7\u00c3O DE CONTRATO DE DIREITO P\u00daBLICO OU CONV\u00caNIO COM A ASSOCIA\u00c7\u00c3O CIVIL CORPO DE BOMBEIROS VOLUNT\u00c1RIOS DE S\u00c3O SEBASTI\u00c3O DO CA\u00cd PARA EXECU\u00c7\u00c3O DE SERVI\u00c7OS DE ADMINISTRA\u00c7\u00c3O DA SAMU."}, {"id": "7576", "ano": "2022", "numero": "288", "tipo__sigla": "PLO", "tipo__descricao": "Projeto de Lei Ordin\u00e1ria", "autoria": "Poder Executivo", "texto_original": "http://sapl.saosebastiaodocai.rs.leg.br/media/sapl/public/materialegislativa/2022/7576/projeto.executivo.124..pdf", "ementa": "PM 124/2022 - CM 288/22          PROJETO DE LEI DO EXECUTIVO MUNICIPAL QUE AUTORIZA A CELEBRA\u00c7\u00c3O DE PARCERIA COM A ASSOCIA\u00c7\u00c3O CIVIL CORPO DE BOMBEIROS VOLUNT\u00c1RIOS DE S\u00c3O SEBASTI\u00c3O DO CA\u00cd."}, {"id": "7577", "ano": "2022", "numero": "289", "tipo__sigla": "PLO", "tipo__descricao": "Projeto de Lei Ordin\u00e1ria", "autoria": "Poder Executivo", "texto_original": "http://sapl.saosebastiaodocai.rs.leg.br/media/sapl/public/materialegislativa/2022/7577/projeto.executivo.125.pdf", "ementa": "PM 125/2022 - CM 289/22          PROJETO DE LEI DO EXECUTIVO MUNICIPAL QUE AUTORIZA A CELEBRA\u00c7\u00c3O DE PARCERIA COM A ASSOCIA\u00c7\u00c3O DE PAIS E AMIGOS DOS EXCEPCIONAIS - APAE - DE S\u00c3O SEBASTI\u00c3O DO CA\u00cd."}, {"id": "7578", "ano": "2022", "numero": "290", "tipo__sigla": "PLO", "tipo__descricao": "Projeto de Lei Ordin\u00e1ria", "autoria": "Poder Executivo", "texto_original": "http://sapl.saosebastiaodocai.rs.leg.br/media/sapl/public/materialegislativa/2022/7578/projeto.executivo.126..pdf", "ementa": "PM 126/2022 - CM 290/22           PROJETO DE LEI DO EXECUTIVO MUNICIPAL QUE ALTERA A REDA\u00c7\u00c3O DA LEI MUNICIPAL N\u00ba 4.042, DE 10 DE ABRIL DE 2018, QUE CRIA GRATIFICA\u00c7\u00c3O ESPECIAL DE RESPONSABILIDADE T\u00c9CNICA PARA ENGENHEIRO E ARQUITETO QUE EXER\u00c7AM O TRABALHO EXTERNO DE FISCALIZA\u00c7\u00c3O DE OBRAS E D\u00c1 OUTRAS PROVID\u00caNCIAS."}, {"id": "7579", "ano": "2022", "numero": "291", "tipo__sigla": "PLO", "tipo__descricao": "Projeto de Lei Ordin\u00e1ria", "autoria": "Poder Executivo", "texto_original": "http://sapl.saosebastiaodocai.rs.leg.br/media/sapl/public/materialegislativa/2022/7579/projeto.executivo.127.pdf", "ementa": "PM 127/2022 - CM 291/22          PROJETO DE LEI DO EXECUTIVO MUNICIPAL QUE RETIFICA O ARTIGO 6\u00ba DA LEI MUNICIPAL N\u00ba 4.526, DE 22 DE NOVEMBRO DE 2022 QUE ALTEROU A TABELA DO ARTIGO 45 DA LEI MUNICIPAL N\u00ba 2.923, DE 04 DE ABRIL DE 2008, QUE ESTABELECE O PLANO DE CARREIRA DO MAGIST\u00c9RIO E D\u00c1 OUTRAS PROVID\u00caNCIAS."}, {"id": "7584", "ano": "2022", "numero": "296", "tipo__sigla": "PLO", "tipo__descricao": "Projeto de Lei Ordin\u00e1ria", "autoria": "Poder Executivo", "texto_original": "http://sapl.saosebastiaodocai.rs.leg.br/media/sapl/public/materialegislativa/2022/7584/projeto.executivo.128.pdf", "ementa": "PM 128/2022 - CM 296/22          PROJETO DE LEI DO EXECUTIVO MUNICIPAL QUE AUTORIZA A CELEBRA\u00c7\u00c3O DE PARCERIA COM A ASSOCIA\u00c7\u00c3O BENEFICENTE EVANG\u00c9LICA DA FLORESTA IMPERIAL DE NOVO HAMBURGO."}, {"id": "7585", "ano": "2022", "numero": "297", "tipo__sigla": "PLO", "tipo__descricao": "Projeto de Lei Ordin\u00e1ria", "autoria": "Poder Executivo", "texto_original": "http://sapl.saosebastiaodocai.rs.leg.br/media/sapl/public/materialegislativa/2022/7585/projeto.executivo.129.pdf", "ementa": "PM 129/2022 - CM 297/22          PROJETO DE LEI DO EXECUTIVO MUNICIPAL QUE INSTITUI A ISEN\u00c7\u00c3O TARIF\u00c1RIA PATROCINADA PARA IDOSOS NO TRANSPORTE COLETIVO POR \u00d4NIBUS DO MUNIC\u00cdPIO DE S\u00c3O SEBASTI\u00c3O DO CA\u00cd MEDIANTE SUBS\u00cdDIO, NOS TERMOS DA EMENDA CONSTITUCIONAL 123/2022 E D\u00c1 OUTRAS PROVID\u00caNCIAS."}, {"id": "7586", "ano": "2022", "numero": "298", "tipo__sigla": "PLO", "tipo__descricao": "Projeto de Lei Ordin\u00e1ria", "autoria": "Poder Executivo", "texto_original": "http://sapl.saosebastiaodocai.rs.leg.br/media/sapl/public/materialegislativa/2022/7586/projeto.executivo.130-----retirado-----.pdf", "ementa": "PM 130/2022 - CM 298/22          PROJETO DE LEI DO EXECUTIVO MUNICIPAL QUE ALTERA DISPOSITIVOS DA LEI MUNICIPAL N\u00ba 2.600, DE 10 DE DEZEMBRO DE 2004, QUE DISP\u00d5E SOBRE O QUADRO DE CARGOS E FUN\u00c7\u00d5ES P\u00daBLICAS DO MUNIC\u00cdPIO; ESTABELECE O PLANO DE CARREIRA DOS SERVIDORES E D\u00c1 OUTRAS PROVID\u00caNCIAS."}, {"id": "7587", "ano": "2022", "numero": "299", "tipo__sigla": "PLO", "tipo__descricao": "Projeto de Lei Ordin\u00e1ria", "autoria": "Poder Executivo", "texto_original": "http://sapl.saosebastiaodocai.rs.leg.br/media/sapl/public/materialegislativa/2022/7587/projeto.executivo.131.pdf", "ementa": "PM 131/2022 - CM 299/22          PROJETO DE LEI DO EXECUTIVO MUNICIPAL QUE REVOGA A LEI MUNICIPAL N\u00ba 3.253, DE 26 DE OUTUBRO DE 2010, QUE DISP\u00d5E SOBRE A PERCEP\u00c7\u00c3O DE HONOR\u00c1RIOS DE SUCUMB\u00caNCIA PELO ADVOGADO QUE REPRESENTA O MUNIC\u00cdPIO EM JU\u00cdZO."}, {"id": "7588", "ano": "2022", "numero": "300", "tipo__sigla": "PLO", "tipo__descricao": "Projeto de Lei Ordin\u00e1ria", "autoria": "Poder Executivo", "texto_original": "http://sapl.saosebastiaodocai.rs.leg.br/media/sapl/public/materialegislativa/2022/7588/projeto.executivo.132.pdf", "ementa": "PM 132/2022 - CM 300/22          PROJETO DE LEI DO EXECUTIVO MUNICIPAL QUE REDUZ A CARGA HOR\u00c1RIA DOS SERVIDORES QUE TIVEREM FILHOS COM TRANSTORNO DO ESPECTRO AUTISTA E ALTERA REDA\u00c7\u00c3O DA LEI MUNICIPAL N\u00ba 2.312, DE 28 DE DEZEMBRO DE 2001, QUE DISP\u00d5E SOBRE O REGIME JUR\u00cdDICO DOS SERVIDORES P\u00daBLICOS DO MUNIC\u00cdPIO E D\u00c1 OUTRAS PROVID\u00caNCIAS."}, {"id": "7589", "ano": "2022", "numero": "301", "tipo__sigla": "PLO", "tipo__descricao": "Projeto de Lei Ordin\u00e1ria", "autoria": "Poder Executivo", "texto_original": "http://sapl.saosebastiaodocai.rs.leg.br/media/sapl/public/materialegislativa/2022/7589/projeto.executivo.133.pdf", "ementa": "PM 133/2022 - CM 301/22          PROJETO DE LEI DO EXECUTIVO MUNICIPAL QUE ALTERA DISPOSITIVOS DA LEI MUNICIPAL N\u00ba 4.491, DE 17 DE AGOSTO DE 2022, QUE AUTORIZA O PODER EXECUTIVO MUNICIPAL A INSTITUIR INCENTIVOS PARA A CRIA\u00c7\u00c3O DE ESTACIONAMENTOS EM TERRENOS N\u00c3O EDIFICADOS DO MUNIC\u00cdPIO E D\u00c1 OUTRAS PROVID\u00caNCIAS."}, {"id": "7365", "ano": "2022", "numero": "21", "tipo__sigla": "REQ", "tipo__descricao": "Requerimento", "autoria": "SINDI\u00c1GUA/RS", "texto_original": "http://sapl.saosebastiaodocai.rs.leg.br/media/", "ementa": "CM 021/22          REQUERIMENTO, DE INICIATIVA DO SIINDI\u00c1GUAS/RS, PROPONDO QUE, OUVIDO O PLEN\u00c1RIO, SEJA INSCRITA PARA PARTICIPAR DA TRIBUNADO POVO."}, {"id": "7332", "ano": "2022", "numero": "47", "tipo__sigla": "REQ", "tipo__descricao": "Requerimento", "autoria": "CESAR DOS SANTOS JUNIOR, ANAST\u00c1CIO DA SILVA., ASIR ANDRE HARTMANN, CL\u00c1UDIO RENATO BECKER., DIEGO FLORES, DILSON DIOCLECIO PIRES, ELSON LOPES., NILSE MARIA ALVES DE LIMA", "texto_original": "http://sapl.saosebastiaodocai.rs.leg.br/media/sapl/public/materialegislativa/2022/7332/requerimento.047.todos_vereadores.pdf", "ementa": "CM 047/22 REQUERIMENTO DE INICIATIVA DO VEREADOR CESAR DOS SANTOS JUNIOR, SUBSCRITO PELOS DEMAIS, PROPONDO QUE, OUVIDO O PLEN\u00c1RIO, SEJA ENVIADO UM OF\u00cdCIO \u00c0 RGE CONVOCANDO O RESPONS\u00c1VEL PELO FORNECIMENTO DE ENERGIA DE S\u00c3O SEBASTI\u00c3O DO CA\u00cd PARA PRESTAR ESCLARECIMENTOS ACERCA DAS CONSTANTES FALTAS DE ENERGIA NA CIDADE, BEM COMO QUANTO A MELHORIAS QUE DEVEM SER REALIZADAS NOS BAIRROS, PRINCIPALMENTE NO QUE DIZ RESPEITO A FOR\u00c7A DA REDE DE ENERGIA E \u00c0 CONSTANTE FALTA QUANDO DE LEVES CHUVAS, OU SEQUER QUALQUER VENTO LEVE."}, {"id": "7333", "ano": "2022", "numero": "48", "tipo__sigla": "REQ", "tipo__descricao": "Requerimento", "autoria": "CESAR DOS SANTOS JUNIOR, ANAST\u00c1CIO DA SILVA., ASIR ANDRE HARTMANN, CL\u00c1UDIO RENATO BECKER., DIEGO FLORES, DILSON DIOCLECIO PIRES, ELSON LOPES., NILSE MARIA ALVES DE LIMA", "texto_original": "http://sapl.saosebastiaodocai.rs.leg.br/media/sapl/public/materialegislativa/2022/7333/requerimento.048.todos_vereadores.pdf", "ementa": "CM 048/22 REQUERIMENTO DE INICIATIVA DO VEREADOR CESAR DOS SANTOS JUNIOR , SUBSCRITO PELOS DEMAIS, PROPONDO QUE, OUVIDO O PLEN\u00c1RIO, SEJA ENVIADO UM OF\u00cdCIO \u00c0 COMPANHIA RIOGRANDENSE DE SANEAMENTO - FILIAL S\u00c3O SEBASTI\u00c3O DO CA\u00cd, CONVOCANDO O SENHOR GERENTE PARA PRESTAR ESCLARECIMENTOS ACERCA DAS CONSTANTES FALTAS DE \u00c1GUA NA CIDADE, BEM COMO QUANTO A MELHORIAS NA SEGURAN\u00c7A NAS BOMBAS DE CAPTA\u00c7\u00c3O E BOMBAS DE DISTRIBUI\u00c7\u00c3O AOS BAIRROS."}, {"id": "7343", "ano": "2022", "numero": "58", "tipo__sigla": "REQ", "tipo__descricao": "Requerimento", "autoria": "CL\u00c1UDIO RENATO BECKER., DIEGO FLORES, DILSON DIOCLECIO PIRES, VILSON JOSE RECH", "texto_original": "http://sapl.saosebastiaodocai.rs.leg.br/media/sapl/public/materialegislativa/2022/7343/requerimento.058.diego.claudio.vilson.dilson.pdf", "ementa": "CM 058/22          REQUERIMENTO DE INICIATIVA DOS VEREADORES DIEGO FLORES, CL\u00c1UDIO RENATO BECKER, DILSON DIOCLECIO PIRES E VILSON JOS\u00c9 RECH PROPONDO QUE, OUVIDO O PLEN\u00c1RIO, SEJA ENCAMINHADO UM OF\u00cdCIO \u00c0 RGE - COMPANHIA RIOGRANDENSE DE ENERGIA SOLICITANDO QUE SEJAM COLOCADOS POSTES DE ENERGIA E ILUMINA\u00c7\u00c3O NA RUA TR\u00caS COROAS E RUA ITAQUI."}, {"id": "7359", "ano": "2022", "numero": "74", "tipo__sigla": "REQ", "tipo__descricao": "Requerimento", "autoria": "DIEGO FLORES, CESAR DOS SANTOS JUNIOR, CL\u00c1UDIO RENATO BECKER., DILSON DIOCLECIO PIRES, NILSE MARIA ALVES DE LIMA", "texto_original": "http://sapl.saosebastiaodocai.rs.leg.br/media/sapl/public/materialegislativa/2022/7359/requerimento.074.bancadas.mdb.psd.pdf", "ementa": "CM 074/22          REQUERIMENTO DOS VEREADORES DIEGO FLORES, DILSON DIOCLECIO PIRES, CESAR DOS SANTOS JUNIOR, NILSE MARIA ALVES DE LIMA E CL\u00c1UDIO RENATO BECKER SUGERINDO AO EXECUTIVO MUNICIPAL QUE SEJA ENVIADO UM OF\u00cdCIO \u00c0 UNIMED VALE DO CA\u00cd SOLICITANDO EXPLICA\u00c7\u00d5ES SOBRE O PLANT\u00c3O M\u00c9DICO QUE T\u00cdNHAMOS NA CIDADE."}, {"id": "7386", "ano": "2022", "numero": "100", "tipo__sigla": "REQ", "tipo__descricao": "Requerimento", "autoria": "ANAST\u00c1CIO DA SILVA., ASIR ANDRE HARTMANN, ELSON LOPES., JO\u00c3O MARCOS DUARTE GUAR\u00c1", "texto_original": "http://sapl.saosebastiaodocai.rs.leg.br/media/sapl/public/materialegislativa/2022/7386/requerimento.100.bancadas.psdb.pp.pdf", "ementa": "CM 100/22          REQUERIMENTO DE INICIATIVA DOS VEREADORES JO\u00c3O MARCOS DUARTE GUAR\u00c1, ELSON LOPES, ASIR ANDR\u00c9 HARTMANN E ANAST\u00c1CIO DA SILVA PROPONDO QUE, OUVIDO O PLEN\u00c1RIO, SEJA ENVIADO UM OF\u00cdCIO \u00c0 EGR - EMPRESA GA\u00daCHA DE RODOVIAS, DAER - DEPARTAMENTO AUT\u00d4NOMO DE ESTRADA DE RODAGEM E \u00c0 SECRETARIA DE LOG\u00cdSTICA E TRANSPORTES DO ESTADO DO RS, SOLICITANDO A SINALIZA\u00c7\u00c3O HORIZONTAL E VERTICAL NA RODOVIA ERS 122, NO KM 5, EM FRENTE AO BAIRRO S\u00c3O MARTIM, KM 16, EM FRENTE AO BAIRRO LOTEAMENTO POPULAR, BEM COMO SEJAM INSTALADAS LUZES PISCANTES DE ADVERT\u00caNCIA E SINALIZA\u00c7\u00c3O HORIZONTAL E VERTICAL, NA ESCOLA NO KM 8, NA TRAVESSIA PARA A ESCOLA THOM\u00c9 ANT\u00d4NIO DE AZEVEDO, E NO KM 12, NA TRAVESSIA PARA A UNIVERSIDADE CAXIAS DO SUL."}, {"id": "7387", "ano": "2022", "numero": "101", "tipo__sigla": "REQ", "tipo__descricao": "Requerimento", "autoria": "ANAST\u00c1CIO DA SILVA., ASIR ANDRE HARTMANN, ELSON LOPES., JO\u00c3O MARCOS DUARTE GUAR\u00c1", "texto_original": "http://sapl.saosebastiaodocai.rs.leg.br/media/sapl/public/materialegislativa/2022/7387/requerimento.101.bancadas.psdb.pp.pdf", "ementa": "CM 101/22          REQUERIMENTO DE INICIATIVA DOS VEREADORES ANAST\u00c1CIO DA SILVA, JO\u00c3O MARCOS DUARTE GUAR\u00c1, ASIR ANDR\u00c9 HARTMANN E ELSON LOPES PROPONDO QUE, OUVIDO O PLEN\u00c1RIO, SEJA ENVIADO UM OF\u00cdCIO \u00c0 EGR - EMPRESA GA\u00daCHA DE RODOVIAS S.A. SOLICITANDO QUE SEJA FEITA A PINTURA DA SINALIZA\u00c7\u00c3O HORIZONTAL DA ESTRADA ERS 124, NAS LATERAIS E NO CENTRO, QUE LIGA OS MUNIC\u00cdPIOS DE S\u00c3O SEBASTI\u00c3O DO CA\u00cd E MONTENEGRO."}, {"id": "7392", "ano": "2022", "numero": "106", "tipo__sigla": "REQ", "tipo__descricao": "Requerimento", "autoria": "CESAR DOS SANTOS JUNIOR", "texto_original": "http://sapl.saosebastiaodocai.rs.leg.br/media/sapl/public/materialegislativa/2022/7392/requerimento.106.bancadamdb.asir._guara.pdf", "ementa": "CM 106/22 REQUERIMENTO DE INICIATIVA DO VEREADOR CESAR DOS SANTOS JUNIOR, SUBSCRITO PELOS DEMAIS, PROPONDO QUE, OUVIDO O PLEN\u00c1RIO, SEJA ENVIADO UM OF\u00cdCIO \u00c0 ESCOLA RENASCER COM AS SEGUINTES INDAGA\u00c7\u00d5ES: QUAIS OS HOR\u00c1RIOS DE FUNCIONAMENTO DA ESCOLA E QUAIS OS P\u00daBLICOS (IDADES E TURMAS) ATENDIDAS? QUE SEJA REMETIDA A RELA\u00c7\u00c3O DE FUNCION\u00c1RIOS E AS RESPECTIVAS FUN\u00c7\u00d5ES DE CADA UM; O ESPA\u00c7O F\u00cdSICO \u00c9 SATISFAT\u00d3RIO PARA O PLENO ATENDIMENTO DAS TURMAS COM FINALIDADE PEDAG\u00d3GICA (AT\u00c9 O 9\u00ba ANO)? E QUANDO INCLU\u00cdDO O P\u00daBLICO DA APAE, \u00c9 POSS\u00cdVEL O PLENO ATENDIMENTO DI\u00c1RIO DE TODOS OS ALUNOS? H\u00c1 TOMADA DE DECIS\u00d5ES CONJUNTAS ENTRE A DIRETORIA DA ESCOLA RENASCER E A DIRETORIA DA APAE? O TERRENO ONDE SE SITUA O ATUAL PR\u00c9DIO PERTENCE A QUAL ENTIDADE OU \u00d3RG\u00c3O? E O PR\u00c9DIO ONDE FUNCIONAVAM AS ATIVIDADES, ENCONTRAM-SE EM NOME DE QUAL ENTIDADE OU \u00d3RG\u00c3O? AP\u00d3S A SA\u00cdDA DO 9\u00ba ANO, O ALUNO QUE QUISER CONTINUAR ESTUDANDO SER\u00c1 ATENDIDO PELA APAE, CONTINUAR\u00c1 SENDO ACOMPANHADO PELA ESCOLA OU DEVER\u00c1 PROCURAR A REDE P\u00daBLICA REGULAR DE EDUCA\u00c7\u00c3O - ENSINO M\u00c9DIO? EXISTE EJA (ENSINO PARA JOVENS E ADULTOS) EM FUNCIONAMENTO NO LOCAL? EXISTE PRESTA\u00c7\u00c3O DE CONTAS MENSAL DA ESCOLA? SE SIM, \u00c9 POSS\u00cdVEL REMETER C\u00d3PIA DA \u00daLTIMA PRESTA\u00c7\u00c3O DE CONTAS PARA ESTE LEGISLATIVO?"}, {"id": "7393", "ano": "2022", "numero": "107", "tipo__sigla": "REQ", "tipo__descricao": "Requerimento", "autoria": "CESAR DOS SANTOS JUNIOR", "texto_original": "http://sapl.saosebastiaodocai.rs.leg.br/media/sapl/public/materialegislativa/2022/7393/requerimento.107.bancadamdb.asir._guara.pdf", "ementa": "CM 107/22 REQUERIMENTO DE INICIATIVA DO VEREADOR CESAR DOS SANTOS JUNIOR, SUBSCRITO PELOS DEMAIS, PROPONDO QUE, OUVIDO O PLEN\u00c1RIO, SEJA ENVIADO UM OF\u00cdCIO \u00c0 APAE (ASSOCIA\u00c7\u00c3O DE PAIS E AMIGOS DOS EXCEPCIONAIS) COM AS SEGUINTES INDAGA\u00c7\u00d5ES: QUE SEJA REMETIDA C\u00d3PIA DO ESTATUTO DA ENTIDADE E A RELA\u00c7\u00c3O DE NOMES QUE COMP\u00d5E A ATUAL DIRETORIA; QUAIS OS HOR\u00c1RIOS DE FUNCIONAMENTO DA ENTIDADE E QUAIS OS P\u00daBLICOS (IDADES E TURMAS) ATENDIDAS? O ESPA\u00c7O F\u00cdSICO QUE EXISTE \u00c9 SATISFAT\u00d3RIO PARA O PLENO ATENDIMENTO DO P\u00daBLICO DA APAE? H\u00c1 TOMADA DE DECIS\u00d5ES CONJUNTAS ENTRE A DIRETORIA DA ESCOLA RENASCER E A DIRETORIA DA APAE? O TERRENO ONDE SE SITUA O ATUAL PR\u00c9DIO PERTENCE A QUAL ENTIDADE OU \u00d3RG\u00c3O? SE SIM, PODE-SE REMETER C\u00d3PIA DO DOCUMENTO COMPROBAT\u00d3RIO? E O PR\u00c9DIO ONDE FUNCIONAM AS ATIVIDADES, ENCONTRA-SE EM NOME DE QUAL ENTIDADE OU \u00d3RG\u00c3O? SE SIM, PODE-SE REMETER C\u00d3PIA DO DOCUMENTO COMPROBAT\u00d3RIO? AP\u00d3S A SA\u00cdDA DO 9\u00ba ANO, O ALUNO QUE QUISER CONTINUAR FREQUENTANDO AS ATIVIDADES \u00c9 ATENDIDO PELA APAE? QUANTAS VEZES POR SEMANA E QUAIS AS ATIVIDADES DESENVOLVIDAS? EXISTE EJA (ENSINO PARA JOVENS E ADULTOS) EM FUNCIONAMENTO NO LOCAL?"}, {"id": "7397", "ano": "2022", "numero": "111", "tipo__sigla": "REQ", "tipo__descricao": "Requerimento", "autoria": "CESAR DOS SANTOS JUNIOR", "texto_original": "http://sapl.saosebastiaodocai.rs.leg.br/media/sapl/public/materialegislativa/2022/7397/requerimento.111.cesar.ok.pdf", "ementa": "CM 111/22          REQUERIMENTO DE INICIATIVA DO VEREADOR CESAR DOS SANTOS JUNIOR, PROPONDO QUE, OUVIDO O PLEN\u00c1RIO, SEJA ENCAMINHADO OF\u00cdCIO \u00c0 FILIAL DOS CORREIOS DE S\u00c3O SEBASTI\u00c3O DO CA\u00cd SOLICITANDO ESCLARECIMENTOS QUANTO ENTREGA DE CORRESPOND\u00caNCIAS DO LOTEAMENTO CAMPO DOS L\u00cdRIOS E DEMAIS LOCALIDADES N\u00c3O ATENDIDAS."}, {"id": "7398", "ano": "2022", "numero": "112", "tipo__sigla": "REQ", "tipo__descricao": "Requerimento", "autoria": "ANAST\u00c1CIO DA SILVA., ASIR ANDRE HARTMANN, ELSON LOPES., JO\u00c3O MARCOS DUARTE GUAR\u00c1", "texto_original": "http://sapl.saosebastiaodocai.rs.leg.br/media/sapl/public/materialegislativa/2022/7398/requerimento.112.bancadas.psdb.pp.pdf", "ementa": "CM 112/22          REQUERIMENTO DE INICIATIVA DOS VEREADORES JO\u00c3O MARCOS DUARTE GUAR\u00c1, ELSON LOPES, ASIR ANDR\u00c9 HARTMANN E ANAST\u00c1CIO DA SILVA PROPONDO QUE, OUVIDO O PLEN\u00c1RIO, EM REGIME DE URG\u00caNCIA, SEJA ENVIADO OF\u00cdCIO \u00c0 ANATEL, \u00c0S OPERADORAS VIVO, TIM, CLARO E OI, \u00c0 ASSEMBLEIA LEGISLATIVA DO ESTADO DO RIO GRANDE DO SUL E AO GABINETE DOS DEPUTADOS FEDERAIS DO RIO GRANDE DO SUL, A FIM DE BUSCAR APOIO PARA QUE SEJAM TOMADAS PROVID\u00caNCIAS QUANTO AO PROBLEMA ENFRENTADO PELOS MORADORES DOS BAIRROS S\u00c3O MARTIM E VIGIA, NO MUNIC\u00cdPIO DE S\u00c3O SEBASTI\u00c3O DO CA\u00cd/RS, EM DECORR\u00caNCIA DA FALTA DE SINAL DE TELEFONIA M\u00d3VEL. ENVIAMOS, EM ANEXO, ABAIXO ASSINADO COM QUASE MIL ASSINATURAS DOS MORADORES DO BAIRRO S\u00c3O MARTIM (BAIRRO COM MAIS DE 4 MIL MORADORES)."}, {"id": "7421", "ano": "2022", "numero": "135", "tipo__sigla": "REQ", "tipo__descricao": "Requerimento", "autoria": "NILSE MARIA ALVES DE LIMA, ANAST\u00c1CIO DA SILVA., ASIR ANDRE HARTMANN, CESAR DOS SANTOS JUNIOR, CL\u00c1UDIO RENATO BECKER., DIEGO FLORES, DILSON DIOCLECIO PIRES, ELSON LOPES.", "texto_original": "http://sapl.saosebastiaodocai.rs.leg.br/media/sapl/public/materialegislativa/2022/7421/requerimento.135.todosvereadores.pdf", "ementa": "CM 135/22          REQUERIMENTO DE INICIATIVA DA VEREADORA NILSE MARIA ALVES DE LIMA, SUBSCRITA PELOS DEMAIS, PROPONDO QUE, OUVIDO O PLEN\u00c1RIO, SEJA ENVIADO UM OF\u00cdCIO \u00c0 RGE SUL - DISTRIBUIDORA DE ENERGIA S.A. SOLICITANDO A TROCA DOS CABOS DE ENERGIA EL\u00c9TRICA DA RUA CARLOS CHAGAS, NO LOTEAMENTO POPULAR, NESTE MUNIC\u00cdPIO."}, {"id": "7422", "ano": "2022", "numero": "136", "tipo__sigla": "REQ", "tipo__descricao": "Requerimento", "autoria": "CESAR DOS SANTOS JUNIOR", "texto_original": "http://sapl.saosebastiaodocai.rs.leg.br/media/sapl/public/materialegislativa/2022/7422/requerimento.136.cesar.dilson.nilse.pdf", "ementa": "CM 136/22          REQUERIMENTO DE INICIATIVA DO VEREADOR CESAR DOS SANTOS JUNIOR, SUBSCRITO PELOS DEMAIS, PROPONDO QUE, OUVIDO O PLEN\u00c1RIO, SEJA ENVIADO AO SENHOR PREFEITO MUNICIPAL O SEGUINTE PEDIDO DE INFORMA\u00c7\u00d5ES: ACERCA DAS RECENTES OBRAS DAS LOMBO FAIXAS; ACERCA DA CICLOFAIXA NA AV. DR. BRUNO CASSEL E ACERCA DA R\u00d3TULA LOCALIZADA NO ENCONTRO DA RUA S\u00c3O JO\u00c3O, RUA ANDRADE NEVES E RUA ESPERANTO."}, {"id": "7448", "ano": "2022", "numero": "168", "tipo__sigla": "REQ", "tipo__descricao": "Requerimento", "autoria": "ANAST\u00c1CIO DA SILVA., ASIR ANDRE HARTMANN, CESAR DOS SANTOS JUNIOR, CL\u00c1UDIO RENATO BECKER., DIEGO FLORES, ELSON LOPES., MAR\u00cdLIA LE\u00c3O FORTES, NILSE MARIA ALVES DE LIMA, INGRID BORCHHARDT", "texto_original": "http://sapl.saosebastiaodocai.rs.leg.br/media/sapl/public/materialegislativa/2022/7448/requerimento.168.todosvereadores.pdf", "ementa": "CM 168/22          REQUERIMENTO, DE INCIATIVA DE TODOS OS VEREADORES, PROPONDO QUE, OUVIDO O PLEN\u00c1RIO, SEJA ENVIADO UM OF\u00cdCIO \u00c0 INSPETORIA VETERIN\u00c1RIA DO ESTADO, EM SUA REPARTI\u00c7\u00c3O LOCALIZADA EM S\u00c3O SEBASTI\u00c3O DO CA\u00cd, PARA QUE INFORME SE POSSUI O CADASTRAMENTO E INFORMA\u00c7\u00d5ES (VACINAS, ETC) DE TODOS OS EQUINOS DA CIDADE, INCLUSIVE DE CATADORES E RECICLADORES QUE UTILIZAM CARRO\u00c7AS."}, {"id": "7449", "ano": "2022", "numero": "169", "tipo__sigla": "REQ", "tipo__descricao": "Requerimento", "autoria": "ANAST\u00c1CIO DA SILVA., CESAR DOS SANTOS JUNIOR, CL\u00c1UDIO RENATO BECKER., DIEGO FLORES, ELSON LOPES., INGRID BORCHHARDT, MAR\u00cdLIA LE\u00c3O FORTES, NILSE MARIA ALVES DE LIMA", "texto_original": "http://sapl.saosebastiaodocai.rs.leg.br/media/sapl/public/materialegislativa/2022/7449/requerimento.169.cesar.diego.claudio.nilse.anastacio.elson.marilia.ingrid.pdf", "ementa": "CM 169/22          REQUERIMENTO, DE INICIATIVA DO VEREADORES CESAR DOS SANTOS JUNIOR, SUBSCRITO POR DEMAIS, PROPONDO QUE, OUVIDO O PLEN\u00c1RIO, SEJA ENVIADO UM OF\u00cdCIO AO SENHOR PREFEITO MUNICIPAL, COM O SEGUINTE PEDIDO DE INFORMA\u00c7\u00d5ES: ANUALMENTE, OS AGENTES COMUNIT\u00c1RIOS DE SA\u00daDE RECEBIAM INCENTIVO SALARIAL - POPULARMENTE CONHECIDO COMO 14o SALARIO, ADVINDO DE RECURSO REPASSADO PELA UNI\u00c3O (DEPOSITADO NO FUNDO MUNICIPAL DE SA\u00daDE), E NOS \u00daLTIMOS 3 ANOS N\u00c3O RECEBERAM TAIS VALORES, INCLUSIVE EXISTINDO LEI MUNICIPAL (3.650/2014) PREVENDO O REPASSE DESTE VALOR PARA OS AGENTES. QUAL A JUSTIFICATIVA PARA N\u00c3O HAVEREM SIDO PAGOS OS VALORES PARA OS AGENTES?"}, {"id": "7459", "ano": "2022", "numero": "173", "tipo__sigla": "REQ", "tipo__descricao": "Requerimento", "autoria": "CESAR DOS SANTOS JUNIOR, CL\u00c1UDIO RENATO BECKER., DIEGO FLORES, INGRID BORCHHARDT, NILSE MARIA ALVES DE LIMA", "texto_original": "http://sapl.saosebastiaodocai.rs.leg.br/media/sapl/public/materialegislativa/2022/7459/requerimento.173.bancadas.mdb.psd.pdf", "ementa": "CM 173/22          REQUERIMENTO DE INICIATIVA DOS VEREADORES NILSE MARIA ALVES DE LIMA, CESAR DOS SANTOS JUNIOR, CL\u00c1UDIO RENATO BECKER, INGRID BORCHHARDT E DIEGO FLORES PROPONDO QUE, OUVIDO O PLEN\u00c1RIO, SEJA ENCAMINHADO UM OF\u00cdCIO \u00c0 RGE SUL - DISTRIBUIDORA DE ENERGIA S.A. SOLICITANDO QUE SEJA REALIZADA A TROCA DE UM POSTE, LOCALIZADO NA INTERSE\u00c7\u00c3O DA AVENIDA OSVALDO ARANHA COM A RUA OMIRO LEDUR, BAIRRO VILA RICA, NESTE MUNIC\u00cdPIO."}, {"id": "7469", "ano": "2022", "numero": "183", "tipo__sigla": "REQ", "tipo__descricao": "Requerimento", "autoria": "ASIR ANDRE HARTMANN, CL\u00c1UDIO RENATO BECKER., DIEGO FLORES, ELSON LOPES., ISAIAS PRESTES PEREIRA, JO\u00c3O MARCOS DUARTE GUAR\u00c1", "texto_original": "http://sapl.saosebastiaodocai.rs.leg.br/media/sapl/public/materialegislativa/2022/7469/requerimento.183.guara.asir.elson.isaias.claudio.diego.pdf", "ementa": "CM 183/22          REQUERIMENTO DE INICIATIVA DOS VEREADORES JO\u00c3O MARCOS DUARTE GUAR\u00c1, ASIR ANDR\u00c9 HARTMANN, ELSON LOPES, ISA\u00cdAS PRESTES PEREIRA, CL\u00c1UDIO RENATO BECKER E DIEGO FLORES PROPONDO QUE, OUVIDO O PLEN\u00c1RIO, SEJA ENVIADO UM OF\u00cdCIO \u00c0 EGR - EMPRESA GA\u00daCHA DE RODOVIAS, A FIM DE QUE PROVIDENCIE MELHORIAS NO TREVO DE ACESSO SUL (KM 11 E 12) DA ERS 122, NESTE MUNIC\u00cdPIO."}, {"id": "7481", "ano": "2022", "numero": "195", "tipo__sigla": "REQ", "tipo__descricao": "Requerimento", "autoria": "ASIR ANDRE HARTMANN, CL\u00c1UDIO RENATO BECKER., DIEGO FLORES, ELSON LOPES., JO\u00c3O MARCOS DUARTE GUAR\u00c1", "texto_original": "http://sapl.saosebastiaodocai.rs.leg.br/media/sapl/public/materialegislativa/2022/7481/requerimento.195.guara.elson.asir.claudio.diego.pdf", "ementa": "CM 195/22          REQUERIMENTO DE INICIATIVA DOS VEREADORES JO\u00c3O MARCOS DUARTE GUAR\u00c1, ASIR HARTMANN, ELSON LOPES, CL\u00c1UDIO BECKER E DIEGO FLORES PROPONDO QUE, OUVIDO O PLEN\u00c1RIO, SEJA ENVIADO UM OF\u00cdCIO AO SENHOR PREFEITO MUNICIPAL, COM O SEGUINTE PEDIDO DE INFORMA\u00c7\u00d5ES: - A RAZ\u00c3O PARA AINDA N\u00c3O ESTAR SENDO APLICADA A LEI DE PAVIMENTA\u00c7\u00c3O COMUNIT\u00c1RIA APROVADA POR ESTA CASA."}, {"id": "7482", "ano": "2022", "numero": "196", "tipo__sigla": "REQ", "tipo__descricao": "Requerimento", "autoria": "CL\u00c1UDIO RENATO BECKER.", "texto_original": "http://sapl.saosebastiaodocai.rs.leg.br/media/sapl/public/materialegislativa/2022/7482/requerimento.196.claudio.pdf", "ementa": "CM 196/22          REQUERIMENTO DE INICIATIVA DO VEREADOR CLAUDIO RENATO BECKER PROPONDO QUE, OUVIDO O PLEN\u00c1RIO, EM REGIME DE URG\u00caNCIA, SEJA ENVIADO AO PREFEITO MUNICIPAL COM O SEGUINTE PEDIDO DE INFORMA\u00c7\u00d5ES: - QUE SEJA INFORMADO SE EST\u00c3O SENDO OBSERVADAS E PROVIDENCIADAS AS RECOMEDA\u00c7\u00d5ES DO MINIST\u00c9RIO P\u00daBLICO RELATIVAS \u00c0 BACIA HIDROGR\u00c1FICA DO RIO CA\u00cd, CONSTANTES NA RECOMENDA\u00c7\u00c3O EM ANEXO."}, {"id": "7487", "ano": "2022", "numero": "201", "tipo__sigla": "REQ", "tipo__descricao": "Requerimento", "autoria": "ASIR ANDRE HARTMANN, CESAR DOS SANTOS JUNIOR, CL\u00c1UDIO RENATO BECKER., DIEGO FLORES, DILSON DIOCLECIO PIRES, ELSON LOPES., ISAIAS PRESTES PEREIRA, JO\u00c3O MARCOS DUARTE GUAR\u00c1, VILSON JOSE RECH", "texto_original": "http://sapl.saosebastiaodocai.rs.leg.br/media/sapl/public/materialegislativa/2022/7487/requerimento.201.todosvereadores.pdf", "ementa": "CM 201/22          REQUERIMENTO DE INICIATIVA DE TODOS OS VEREADORES PROPONDO QUE, OUVIDO O PLEN\u00c1RIO, SEJA ENVIADO UM OF\u00cdCIO \u00c0 EXM\u00aa SRA. SECRET\u00c1RIA DE ESTADO PARA A SA\u00daDE, SRA. ARITA BERGMANN, COM O SEGUINTE QUESTIONAMENTO: - ANUALMENTE, OS AGENTES COMUNIT\u00c1RIOS DE SA\u00daDE MUNICIPAIS RECEBIAM INCENTIVO FINANCEIRO ADICIONAL (POPULARMENTE CONHECIDO COMO 14\u00ba SAL\u00c1RIO), ADVINDO DE RECURSO REPASSADO, CONFORME AN\u00c1LISE DO EXECUTIVO MUNICIPAL EM ANEXO, PELO ESTADO (DEPOSITADO NO FUNDO DE SA\u00daDE), E NOS \u00daLTIMOS 3 ANOS N\u00c3O RECEBERAM TAIS VALORES. QUAL A JUSTIFICATIVA PARA N\u00c3O HAVEREM SIDO PAGOS OS VALORES PARA OS AGENTES COMUNIT\u00c1RIOS DE SA\u00daDE ATRAV\u00c9S DOS REPASSES ANUAIS?"}, {"id": "7488", "ano": "2022", "numero": "202", "tipo__sigla": "REQ", "tipo__descricao": "Requerimento", "autoria": "CL\u00c1UDIO RENATO BECKER., ASIR ANDRE HARTMANN, CESAR DOS SANTOS JUNIOR, DIEGO FLORES, DILSON DIOCLECIO PIRES, ELSON LOPES., ISAIAS PRESTES PEREIRA, JO\u00c3O MARCOS DUARTE GUAR\u00c1, VILSON JOSE RECH", "texto_original": "http://sapl.saosebastiaodocai.rs.leg.br/media/sapl/public/materialegislativa/2022/7488/requerimento.202.todosvereadores.pdf", "ementa": "CM 202/22          REQUERIMENTO DE INICIATIVA DO VEREADOR CLAUDIO RENATO BECKER, SUBSCRITO PELOS DEMAIS, PROPONDO QUE, OUVIDO O PLEN\u00c1RIO, EM REGIME DE URG\u00caNCIA, SEJA ENVIADO UM OF\u00cdCIO \u00c0 SRA. NEIVA SANTOS, SECRET\u00c1RIA MUNICIPAL DA SA\u00daDE E DA FAM\u00cdLIA, CONVIDANDO-A A COMPARECER NESTA CASA LEGISLATIVA, JUNTAMENTE COM O RESPONS\u00c1VEL PELO PIM (PRIMEIRA INF\u00c2NCIA MELHOR), EM DATA A SER AGENDADA COM A SECRETARIA DA C\u00c2MARA, PARA FAZER UMA EXPLANA\u00c7\u00c3O SOBRE O PROGRAMA PRIMEIRA INF\u00c2NCIA MELHOR."}, {"id": "7504", "ano": "2022", "numero": "216", "tipo__sigla": "REQ", "tipo__descricao": "Requerimento", "autoria": "CESAR DOS SANTOS JUNIOR, DIEGO FLORES, DILSON DIOCLECIO PIRES, NILSE MARIA ALVES DE LIMA", "texto_original": "http://sapl.saosebastiaodocai.rs.leg.br/media/sapl/public/materialegislativa/2022/7504/requerimento.216.cesar.nilse.diego.dilson.retirado.pdf", "ementa": "CM 216/22          REQUERIMENTO DE INICIATIVA DO VEREADOR CESAR DOS SANTOS JUNIOR, SUBSCRITO PELOS DEMAIS, PROPONDO QUE, OUVIDO O PLEN\u00c1RIO, SEJA SOLICITADO AO PRESIDENTE A REALIZA\u00c7\u00c3O DE AUDI\u00caNCIA P\u00daBLICA PARA TRATAR ACERCA DO TEMA DA PROIBI\u00c7\u00c3O GRADATIVA DOS VE\u00cdCULOS DE TRA\u00c7\u00c3O ANIMAL EM S\u00c3O SEBASTI\u00c3O DO CA\u00cd."}, {"id": "7505", "ano": "2022", "numero": "217", "tipo__sigla": "REQ", "tipo__descricao": "Requerimento", "autoria": "CESAR DOS SANTOS JUNIOR, ANAST\u00c1CIO DA SILVA., ASIR ANDRE HARTMANN, CL\u00c1UDIO RENATO BECKER., DIEGO FLORES, DILSON DIOCLECIO PIRES, ELSON LOPES., JO\u00c3O MARCOS DUARTE GUAR\u00c1, NILSE MARIA ALVES DE LIMA", "texto_original": "http://sapl.saosebastiaodocai.rs.leg.br/media/sapl/public/materialegislativa/2022/7505/requerimento.217.todosvereadores.pdf", "ementa": "CM 217/22          REQUERIMENTO DE INICIATIVA DE TODOS OS VEREADORES PROPONDO QUE, OUVIDO O PLEN\u00c1RIO, EM REGIME DE URG\u00caNCIA, SEJA ENVIADO UM OF\u00cdCIO AO DAER - DEPARTAMENTO AUT\u00d4NOMO DE ESTRADAS DE RODAGEM, REQUERENDO QUE A EMPRESA EXPRESSO CAXIENSE SEJA AUTORIZADA A PEGAR PASSAGEIROS AO LONGO DAS RODOVIAS RS 240 E RS 122 (QUE CORTAM AS CIDADES DO VALE DO CA\u00cd), OU NAS RESPECTIVAS RODOVI\u00c1RIAS, A FIM DE LEV\u00c1-LOS AO SEU DESTINO. SOLICITAM, TAMB\u00c9M, QUE A LINHA 5841, DA EXPRESSO CAXIENSE, QUE ATENDE CAXIAS DO SUL - PORTO ALEGRE (UMA LINHA COMUM), QUE J\u00c1 PASSA EM NOSSOS MUNIC\u00cdPIOS, POSSA PEGAR PASSAGEIROS EM NOSSOS MUNIC\u00cdPIOS E CONDUZI-LOS  AS CIDADES DE PORTO ALEGRE, CANOAS, ENTRE OUTRAS, BEM COMO A LIGA\u00c7\u00c3O ENTRE NOSSOS MUNIC\u00cdPIOS QUE POSSUI GRANDE RELA\u00c7\u00c3O. GOSTAR\u00cdAMOS, AINDA, SE POSS\u00cdVEL, QUE LINHAS DE SEMIDIRETO TAMB\u00c9M CONSEGUISSEM A AUTORIZA\u00c7\u00c3O PARA ENTRAR EM NOSSAS RODOVI\u00c1RIAS."}, {"id": "7520", "ano": "2022", "numero": "232", "tipo__sigla": "REQ", "tipo__descricao": "Requerimento", "autoria": "CESAR DOS SANTOS JUNIOR, CL\u00c1UDIO RENATO BECKER., DIEGO FLORES, DILSON DIOCLECIO PIRES, VILSON JOSE RECH", "texto_original": "http://sapl.saosebastiaodocai.rs.leg.br/media/sapl/public/materialegislativa/2022/7520/requerimento.232.bancadas.psd.mdb.pdf", "ementa": "CM 232/22     REQUERIMENTO DE INICIATIVA DOS VEREADORES DILSON DIOCLECIO PIRES, CESAR DOS SANTOS JUNIOR, CL\u00c1UDIO RENATO BECKER, DIEGO FLORES E VILSON RECH PROPONDO QUE, OUVIDO O PLEN\u00c1RIO, SEJA ENCAMINHADO OF\u00cdCIO \u00c0 EGR - EMPRESA GA\u00daCHA DE RODOVIAS SOLICITANDO A COLOCA\u00c7\u00c3O DE REDUTOR DE VELOCIDADE PR\u00d3XIMO \u00c0 ENTRADA DO BAIRRO S\u00c3O MARTIM."}, {"id": "7532", "ano": "2022", "numero": "237", "tipo__sigla": "REQ", "tipo__descricao": "Requerimento", "autoria": "CESAR DOS SANTOS JUNIOR, CL\u00c1UDIO RENATO BECKER., DIEGO FLORES, DILSON DIOCLECIO PIRES, NILSE MARIA ALVES DE LIMA", "texto_original": "http://sapl.saosebastiaodocai.rs.leg.br/media/sapl/public/materialegislativa/2022/7532/requerimento.237.bancadas.mdb.psd.pdf", "ementa": "CM 237/22          REQUERIMENTO DE INICIATIVA DOS VEREADORES CESAR DOS SANTOS JUNIOR, CL\u00c1UDIO RENATO BECKER, DIEGO FLORES, DILSON DIOCLECIO PIRES E NILSE MARIA ALVES DE LIMA PROPONDO QUE, OUVIDO O PLEN\u00c1RIO, SEJA ENVIADO UM OF\u00cdCIO \u00c0 RGE SUL - DISTRIBUIDORA DE ENERGIA SOLICITANDO A EXTENS\u00c3O DA REDE DE ENERGIA EL\u00c9TRICA AT\u00c9 A RUA SOL POENTE."}, {"id": "7538", "ano": "2022", "numero": "250", "tipo__sigla": "REQ", "tipo__descricao": "Requerimento", "autoria": "ANAST\u00c1CIO DA SILVA., ASIR ANDRE HARTMANN, ELSON LOPES., JO\u00c3O MARCOS DUARTE GUAR\u00c1", "texto_original": "http://sapl.saosebastiaodocai.rs.leg.br/media/sapl/public/materialegislativa/2022/7538/requerimento.250.bancadas.psdb.pp.pdf", "ementa": "CM 250/22          REQUERIMENTO DE INICIATIVA DOS VEREADORES JO\u00c3O MARCOS DUARTE GUAR\u00c1, ELSON LOPES, ASIR HARTMANN E ANAST\u00c1CIO DA SILVA PROPONDO QUE, OUVIDO O PLEN\u00c1RIO, SEJA ENVIADO UM OF\u00cdCIO \u00c0 JUSTI\u00c7A ELEITORAL, A FIM DE QUE SE VERIFIQUE A NECESSIDADE DE ABERTURA DE NOVAS SE\u00c7\u00d5ES ELEITORAIS OU EQUIL\u00cdBRIO DE N\u00daMERO DE ELEITORES POR SE\u00c7\u00c3O."}, {"id": "7542", "ano": "2022", "numero": "254", "tipo__sigla": "REQ", "tipo__descricao": "Requerimento", "autoria": "CESAR DOS SANTOS JUNIOR, DILSON DIOCLECIO PIRES, NILSE MARIA ALVES DE LIMA", "texto_original": "http://sapl.saosebastiaodocai.rs.leg.br/media/sapl/public/materialegislativa/2022/7542/requerimento.254.cesar.dilson.nilse.pdf", "ementa": "CM 254/22          REQUERIMENTO DE INICIATIVA DO VEREADOR CESAR DOS SANTOS JUNIOR, SUBSCRITO PELOS DEMAIS, PROPONDO QUE, OUVIDO O PLEN\u00c1RIO, SEJA ENVIADO UM OF\u00cdCIO AO SENHOR PREFEITO MUNICIPAL COM O SEGUINTE PEDIDO DE INFORMA\u00c7\u00d5ES: QUAL O MOTIVO DE N\u00c3O TER SIDO REALIZADA NOVA LICITA\u00c7\u00c3O PARA O VALE ALIMENTA\u00c7\u00c3O DOS FUNCION\u00c1RIOS P\u00daBLICOS MUNICIPAIS E SEREM OFERTADAS APENAS DUAS OP\u00c7\u00d5ES PARA QUE ESCOLHESSEM (VALOR EM DINHEIRO OU MANUTEN\u00c7\u00c3O DO \"FACECARD\")?"}, {"id": "7560", "ano": "2022", "numero": "272", "tipo__sigla": "REQ", "tipo__descricao": "Requerimento", "autoria": "ANAST\u00c1CIO DA SILVA., ASIR ANDRE HARTMANN, ELSON LOPES., JO\u00c3O MARCOS DUARTE GUAR\u00c1, CESAR DOS SANTOS JUNIOR, CL\u00c1UDIO RENATO BECKER., DIEGO FLORES, DILSON DIOCLECIO PIRES, NILSE MARIA ALVES DE LIMA", "texto_original": "http://sapl.saosebastiaodocai.rs.leg.br/media/sapl/public/materialegislativa/2022/7560/requerimento.272.guara.elson.asir.tacio.pdf", "ementa": "CM 272/22          REQUERIMENTO DE INICIATIVA DOS VEREADORES JO\u00c3O MARCOS DUARTE GUAR\u00c1, ASIR HARTMANN, ELSON LOPES E ANAST\u00c1CIO DA SILVA, SUBSCRITO PELOS DEMAIS, PROPONDO QUE, OUVIDO O PLEN\u00c1RIO, SEJA ENVIADO UM OF\u00cdCIO \u00c0 EGR - EMPRESA GA\u00daCHA DE RODOVIAS SOLICITANDO QUE SEJAM TOMADAS PROVID\u00caNCIAS QUANTO \u00c0 SINALIZA\u00c7\u00c3O HORIZONTAL (PINTURA DA VIA) NA RS 122, EM S\u00c3O SEBASTI\u00c3O DO CA\u00cd."}, {"id": "7581", "ano": "2022", "numero": "293", "tipo__sigla": "REQ", "tipo__descricao": "Requerimento", "autoria": "CESAR DOS SANTOS JUNIOR, ANAST\u00c1CIO DA SILVA., ASIR ANDRE HARTMANN, CL\u00c1UDIO RENATO BECKER., DILSON DIOCLECIO PIRES, ELSON LOPES., JO\u00c3O MARCOS DUARTE GUAR\u00c1, NILSE MARIA ALVES DE LIMA", "texto_original": "http://sapl.saosebastiaodocai.rs.leg.br/media/sapl/public/materialegislativa/2022/7581/requerimento.293.cesar..pdf", "ementa": "CM 293/22          REQUERIMENTO (PEDIDO DE INFORMA\u00c7\u00d5ES)  DE INICIATIVA DO VEREADOR CESAR DOS SANTOS JUNIOR, SUBSCRITO PELOS DEMAIS, PROPONDO QUE, OUVIDO O PLEN\u00c1RIO, SEJA ENVIADO UM OF\u00cdCIO AO PREFEITO MUNICIPAL SOLICITANDO OS SEGUINTES PEDIDOS DE ESCLARECIMENTO: ACERCA DO INCENTIVO ADICIONAL AOS AGENTES COMUNIT\u00c1RIOS; ACERCA DA INDICA\u00c7\u00c3O 255/2022, QUE TRATA DO PMAQ - PROGRAMA DE INCENTIVO FINANCEIRO DA ATEN\u00c7\u00c3O PRIM\u00c1RIA \u00c0 SA\u00daDE POR DESEMPENHO."}, {"id": "7444", "ano": "2022", "numero": "158", "tipo__sigla": "VET", "tipo__descricao": "Veto Parcial ou Total", "autoria": "Poder Executivo", "texto_original": "http://sapl.saosebastiaodocai.rs.leg.br/media/sapl/public/materialegislativa/2022/7444/vetoparcial.158.pdf", "ementa": "CM 158/22          VETO PARCIAL, DE INICIATIVA DO PODER EXECUTIVO, AO INCISO V, DO PAR\u00c1GRAFO \u00daNICO DO ART. 1\u00ba E AO ART. 2\u00ba, DO PROJETO DE LEI CM 139/22, QUE \"DISP\u00d5E SOBRE A DIVULGA\u00c7\u00c3O DOS NOMES E CURR\u00cdCULOS DOS OCUPANTES DOS CARGOS EM COMISS\u00c3O E OS SERVIDORES QUE PERCEBAM FUN\u00c7\u00c3O GRATIFICADA NA PREFEITURA MUNICIPAL DE S\u00c3O SEBASTI\u00c3O DO CA\u00cd."}, {"id": "7494", "ano": "2022", "numero": "208", "tipo__sigla": "VOP", "tipo__descricao": "Voto de Pesar", "autoria": "ANAST\u00c1CIO DA SILVA., ASIR ANDRE HARTMANN, CESAR DOS SANTOS JUNIOR, CL\u00c1UDIO RENATO BECKER., DIEGO FLORES, DILSON DIOCLECIO PIRES, ELSON LOPES., JO\u00c3O MARCOS DUARTE GUAR\u00c1, NILSE MARIA ALVES DE LIMA", "texto_original": "http://sapl.saosebastiaodocai.rs.leg.br/media/sapl/public/materialegislativa/2022/7494/requerimento.voto.de.pesar.208.todosvereadores.pdf", "ementa": "CM 208/22          REQUERIMENTO DE INICIATIVA DE TODOS OS VEREADORES PROPONDO QUE, OUVIDO O PLEN\u00c1RIO, SEJA FEITA A INSER\u00c7\u00c3O EM ATA DE UM VOTO DE PROFUNDO PESAR PELO FALECIMENTO DO EX-VEREADOR TOME DA SILVA FLORES, NO DIA 22 DE JULHO DE 2022."}, {"id": "7506", "ano": "2022", "numero": "218", "tipo__sigla": "VOP", "tipo__descricao": "Voto de Pesar", "autoria": "CESAR DOS SANTOS JUNIOR, ANAST\u00c1CIO DA SILVA., ASIR ANDRE HARTMANN, CL\u00c1UDIO RENATO BECKER., DIEGO FLORES, DILSON DIOCLECIO PIRES, ELSON LOPES., JO\u00c3O MARCOS DUARTE GUAR\u00c1, NILSE MARIA ALVES DE LIMA", "texto_original": "http://sapl.saosebastiaodocai.rs.leg.br/media/sapl/public/materialegislativa/2022/7506/requerimento.voto.de.pesar.218..pdf", "ementa": "CM 218/22          REQUERIMENTO DE INICIATIVA DO VEREADOR CESAR DOS SANTOS JUNIOR, SUBSCRITO PELOS DEMAIS, REQUERENDO A INSE\u00c7\u00c3O EM ATA DE UM VOTO DE PROFUNDO PESAR PELO FALECIMENTO DO SR. SANTO ANGELIN GRANDI, NO DIA 15 DE AGOSTO DE 2022."}]}