{"id":8453,"__str__":"Projeto de Lei Ordin\u00e1ria n\u00ba 78 de 2026","link_detail_backend":"/materia/8453","metadata":{},"numero":78,"ano":2026,"numero_protocolo":87,"data_apresentacao":"2026-04-14","tipo_apresentacao":"","data_publicacao":null,"numero_origem_externa":"","ano_origem_externa":null,"data_origem_externa":null,"apelido":"","dias_prazo":null,"data_fim_prazo":null,"em_tramitacao":false,"polemica":false,"objeto":"","complementar":false,"ementa":"PM 037/2026 - CM 078/26 \u00a0 \u00a0 \u00a0 \u00a0 \u00a0PROJETO DE LEI DO EXECUTIVO MUNICIPAL QUE DEFINE A FAIXA DE DOM\u00cdNIO DO TRECHO MUNICPALIZADO DA RUA PADRE JO\u00c3O WAGNER E D\u00c1 OUTRAS PROVID\u00caNCIAS.","indexacao":"","observacao":"","resultado":"","texto_original":null,"data_ultima_atualizacao":"2026-04-16T14:40:10.717891-03:00","ip":"187.111.157.40","ultima_edicao":"2026-04-16T14:40:10.716726-03:00","tipo":1,"regime_tramitacao":2,"tipo_origem_externa":null,"local_origem_externa":null,"user":32,"anexadas":[],"autores":[6]}