{"id":8290,"__str__":"Indica\u00e7\u00e3o n\u00ba 239 de 2025","link_detail_backend":"/materia/8290","metadata":{},"numero":239,"ano":2025,"numero_protocolo":245,"data_apresentacao":"2025-08-26","tipo_apresentacao":"E","data_publicacao":null,"numero_origem_externa":"","ano_origem_externa":null,"data_origem_externa":null,"apelido":"","dias_prazo":null,"data_fim_prazo":null,"em_tramitacao":false,"polemica":false,"objeto":"","complementar":false,"ementa":"CM 239/25\u00a0 \u00a0 \u00a0 \u00a0 \u00a0 INDICA\u00c7\u00c3O DA BANCADA DO PSDB, VEREADORES CL\u00c1UDIO BECKER, ELSON LOPES E S\u00c9RGIO KLEIN, SUGERINDO AO EXECUTIVO MUNICIPAL QUE SEJAM INSTALADAS ILUMINA\u00c7\u00c3O ADEQUADA E TELA ATR\u00c1S DAS GOLEIRAS DO CAMPINHO DA PRA\u00c7A DO LOTEAMENTO DA MORADA DO VALE, NESTE MUNIC\u00cdPIO.","indexacao":"","observacao":"","resultado":"","texto_original":"http://sapl.saosebastiaodocai.rs.leg.br/media/sapl/public/materialegislativa/2025/8290/indicacao.239.25.ok.pdf","data_ultima_atualizacao":"2025-09-04T14:53:51.235727-03:00","ip":"200.34.161.66","ultima_edicao":"2025-09-04T14:53:51.034802-03:00","tipo":8,"regime_tramitacao":1,"tipo_origem_externa":null,"local_origem_externa":null,"user":32,"anexadas":[],"autores":[9,1,57]}