{"id":8194,"__str__":"Requerimento n\u00ba 143 de 2025","link_detail_backend":"/materia/8194","metadata":{},"numero":143,"ano":2025,"numero_protocolo":147,"data_apresentacao":"2025-06-03","tipo_apresentacao":"E","data_publicacao":null,"numero_origem_externa":"","ano_origem_externa":null,"data_origem_externa":null,"apelido":"","dias_prazo":null,"data_fim_prazo":null,"em_tramitacao":true,"polemica":false,"objeto":"","complementar":false,"ementa":"CM 143/25\u00a0 \u00a0 \u00a0 \u00a0 \u00a0 REQUERIMENTO DE INICIATIVA DO VEREADOR CL\u00c1UDIO RENATO BECKER, SUBSCRITO PELOS DEMAIS, PROPONDO QUE, OUVIDO O PLEN\u00c1RIO, SEJA ENVIADO UM OF\u00cdCIO AO SENHOR PREFEITO MUNICIPAL COM O SEGUINTE PEDIDO DE INFORMA\u00c7\u00d5ES: SOLICITA INFORMA\u00c7\u00d5ES SOBRE A ATUAL SITUA\u00c7\u00c3O FINANCEIRA DO\u00a0 FAP; QUANDO FOI FEITO O \u00daLTIMO C\u00c1LCULO ATUARIAL; QUAM S\u00c3O OS MEMBROS DO FAP.","indexacao":"","observacao":"","resultado":"","texto_original":"http://sapl.saosebastiaodocai.rs.leg.br/media/sapl/public/materialegislativa/2025/8194/requerimento.143.25.ok.pdf","data_ultima_atualizacao":"2025-06-13T11:10:09.160803-03:00","ip":"200.34.161.18","ultima_edicao":"2025-06-13T11:10:09.014088-03:00","tipo":3,"regime_tramitacao":1,"tipo_origem_externa":null,"local_origem_externa":null,"user":32,"anexadas":[],"autores":[58,36,9,1,2,56,54,55,57]}