{"id":7748,"__str__":"Voto de Pesar n\u00ba 157 de 2023","link_detail_backend":"/materia/7748","metadata":{},"numero":157,"ano":2023,"numero_protocolo":162,"data_apresentacao":"2023-08-28","tipo_apresentacao":"E","data_publicacao":null,"numero_origem_externa":"","ano_origem_externa":null,"data_origem_externa":null,"apelido":"","dias_prazo":null,"data_fim_prazo":null,"em_tramitacao":false,"polemica":false,"objeto":"","complementar":false,"ementa":"CM 157/23\u00a0 \u00a0 \u00a0 \u00a0 \u00a0 VOTO DE PESAR DE INICIATIVA DE TODOS OS VEREADORES REQUERENDO A INSER\u00c7\u00c3O EM ATA DE UM VOTO DE PROFUNDO PESAR PELO FALECIMENTO DO SR. CARLOS ANT\u00d4NIO CAMPANI, OCORRIDO NO DIA 25 DE AGOSTO DE 2023.","indexacao":"","observacao":"","resultado":"","texto_original":"http://sapl.saosebastiaodocai.rs.leg.br/media/sapl/public/materialegislativa/2023/7748/requerimento.157.todos.vereadores..pdf","data_ultima_atualizacao":"2023-09-01T07:46:59.664559-03:00","ip":"187.111.144.62","ultima_edicao":"2023-09-01T07:46:59.570621-03:00","tipo":15,"regime_tramitacao":1,"tipo_origem_externa":null,"local_origem_externa":null,"user":30,"anexadas":[],"autores":[12]}