{"id":7715,"__str__":"Indica\u00e7\u00e3o n\u00ba 122 de 2023","link_detail_backend":"/materia/7715","metadata":{},"numero":122,"ano":2023,"numero_protocolo":129,"data_apresentacao":"2023-07-10","tipo_apresentacao":"E","data_publicacao":null,"numero_origem_externa":"","ano_origem_externa":null,"data_origem_externa":null,"apelido":"","dias_prazo":null,"data_fim_prazo":null,"em_tramitacao":false,"polemica":false,"objeto":"","complementar":false,"ementa":"CM 122/23\u00a0 \u00a0 \u00a0 \u00a0 \u00a0 INDICA\u00c7\u00c3O DO VEREADOR JO\u00c3O MARCOS GUAR\u00c1, SUBSCRITO PELOS DEMAIS, SUGERINDO AO EXECUTIVO MUNICIPAL A PINTURA E CONSERVA\u00c7\u00c3O DA SINALIZA\u00c7\u00c3O NA ESTRADA DA VIGIA, NAS PROXIMIDADES DA IGREJA CAT\u00d3LICA E DA ESCOLA PE. LUIZ MULLER, NESTE MUNIC\u00cdPIO.","indexacao":"","observacao":"","resultado":"","texto_original":"http://sapl.saosebastiaodocai.rs.leg.br/media/sapl/public/materialegislativa/2023/7715/indicacao.122.guara.pdf","data_ultima_atualizacao":"2023-07-12T14:17:48.375922-03:00","ip":"187.111.144.46","ultima_edicao":"2023-07-12T14:17:47.181633-03:00","tipo":8,"regime_tramitacao":1,"tipo_origem_externa":null,"local_origem_externa":null,"user":30,"anexadas":[],"autores":[36,41,42,9,43,44,1,45,25]}