{"id":7714,"__str__":"Voto de Pesar n\u00ba 121 de 2023","link_detail_backend":"/materia/7714","metadata":{},"numero":121,"ano":2023,"numero_protocolo":128,"data_apresentacao":"2023-07-10","tipo_apresentacao":"E","data_publicacao":null,"numero_origem_externa":"","ano_origem_externa":null,"data_origem_externa":null,"apelido":"","dias_prazo":null,"data_fim_prazo":null,"em_tramitacao":false,"polemica":false,"objeto":"","complementar":false,"ementa":"CM 121/23\u00a0 \u00a0 \u00a0 \u00a0 \u00a0 VOTO DE PESAR DE INICIATIVA DE TODOS OS VEREADORES REQUERENDO A INSER\u00c7\u00c3O EM ATA DE UM VOTO DE PROFUNDO PESAR PELO FALECIMENTO DOS IRM\u00c3OS LORENZO DESSOTTI E PIETRO DESSOTTI.","indexacao":"","observacao":"","resultado":"","texto_original":"http://sapl.saosebastiaodocai.rs.leg.br/media/sapl/public/materialegislativa/2023/7714/requerimento.121.voto_de_pesar.todos_vereadores.pdf","data_ultima_atualizacao":"2023-07-18T09:38:05.479082-03:00","ip":"187.111.144.46","ultima_edicao":"2023-07-18T09:38:05.293318-03:00","tipo":15,"regime_tramitacao":1,"tipo_origem_externa":null,"local_origem_externa":null,"user":30,"anexadas":[],"autores":[12]}