{"id":7711,"__str__":"Indica\u00e7\u00e3o n\u00ba 118 de 2023","link_detail_backend":"/materia/7711","metadata":{},"numero":118,"ano":2023,"numero_protocolo":125,"data_apresentacao":"2023-07-03","tipo_apresentacao":"","data_publicacao":null,"numero_origem_externa":"","ano_origem_externa":null,"data_origem_externa":null,"apelido":"","dias_prazo":null,"data_fim_prazo":null,"em_tramitacao":false,"polemica":false,"objeto":"","complementar":false,"ementa":"CM 118/23\u00a0 \u00a0 \u00a0 \u00a0 \u00a0 INDICA\u00c7\u00c3O DO VEREADOR CESAR DOS SANTOS JUNIOR, SUBSCRITO PELOS DEMAIS, SUGERINDO AO PREFEITO MUNICIPAL QUE SEJA PAGA GRATIFICA\u00c7\u00c3O AOS PROFESSORES QUE MINISTREM AULAS PARA ALUNOS ESPECIAIS/INCLUS\u00c3O (COMPROVADAMENTE ATRAV\u00c9S DE LAUDOS COM CID).","indexacao":"","observacao":"","resultado":"","texto_original":"http://sapl.saosebastiaodocai.rs.leg.br/media/sapl/public/materialegislativa/2023/7711/indicacao.118.cesar.pdf","data_ultima_atualizacao":"2023-07-06T15:07:46.826389-03:00","ip":"187.111.144.62","ultima_edicao":"2023-07-06T15:07:46.826137-03:00","tipo":8,"regime_tramitacao":1,"tipo_origem_externa":null,"local_origem_externa":null,"user":30,"anexadas":[],"autores":[36,42,9,43,44,1,45,25]}