{"id":7504,"__str__":"Requerimento n\u00ba 216 de 2022","link_detail_backend":"/materia/7504","metadata":{},"numero":216,"ano":2022,"numero_protocolo":231,"data_apresentacao":"2022-08-15","tipo_apresentacao":"E","data_publicacao":null,"numero_origem_externa":"","ano_origem_externa":null,"data_origem_externa":null,"apelido":"","dias_prazo":null,"data_fim_prazo":null,"em_tramitacao":false,"polemica":false,"objeto":"","complementar":false,"ementa":"CM 216/22          REQUERIMENTO DE INICIATIVA DO VEREADOR CESAR DOS SANTOS JUNIOR, SUBSCRITO PELOS DEMAIS, PROPONDO QUE, OUVIDO O PLEN\u00c1RIO, SEJA SOLICITADO AO PRESIDENTE A REALIZA\u00c7\u00c3O DE AUDI\u00caNCIA P\u00daBLICA PARA TRATAR ACERCA DO TEMA DA PROIBI\u00c7\u00c3O GRADATIVA DOS VE\u00cdCULOS DE TRA\u00c7\u00c3O ANIMAL EM S\u00c3O SEBASTI\u00c3O DO CA\u00cd.","indexacao":"","observacao":"","resultado":"","texto_original":"http://sapl.saosebastiaodocai.rs.leg.br/media/sapl/public/materialegislativa/2022/7504/requerimento.216.cesar.nilse.diego.dilson.retirado.pdf","data_ultima_atualizacao":"2022-08-24T15:07:12.263861-03:00","ip":"187.84.55.86","ultima_edicao":"2022-08-24T15:07:12.127602-03:00","tipo":3,"regime_tramitacao":2,"tipo_origem_externa":null,"local_origem_externa":null,"user":30,"anexadas":[],"autores":[42,43,44,25]}