{"id":7125,"__str__":"Indica\u00e7\u00e3o n\u00ba 250 de 2021","link_detail_backend":"/materia/7125","metadata":{},"numero":250,"ano":2021,"numero_protocolo":262,"data_apresentacao":"2021-07-20","tipo_apresentacao":"E","data_publicacao":null,"numero_origem_externa":"","ano_origem_externa":null,"data_origem_externa":null,"apelido":"","dias_prazo":null,"data_fim_prazo":null,"em_tramitacao":false,"polemica":false,"objeto":"","complementar":false,"ementa":"CM 250/21          INDICA\u00c7\u00c3O DO VEREADOR ASIR ANDRE HARTMANN SUGERINDO AO EXECUTIVO MUNICIPAL QUE SEJA PROVIDENCIADA A SINALIZA\u00c7\u00c3O DE QUEBRA-MOLAS NA RUA PADRE JO\u00c3O WAGNER, ESPECIFICAMENTE NA FRENTE DA ASSOCIA\u00c7\u00c3O DOS MOTORISTAS, NESTE MUNIC\u00cdPIO.","indexacao":"","observacao":"","resultado":"","texto_original":"http://sapl.saosebastiaodocai.rs.leg.br/media/sapl/public/materialegislativa/2021/7125/indicacao.250.asir.pdf","data_ultima_atualizacao":"2021-08-10T11:23:18.195793-03:00","ip":"187.84.55.86","ultima_edicao":"2021-08-10T11:23:18.074149-03:00","tipo":8,"regime_tramitacao":1,"tipo_origem_externa":null,"local_origem_externa":null,"user":30,"anexadas":[],"autores":[41]}