{"id":5299,"__str__":"Emenda n\u00ba 87 de 2020","link_detail_backend":"/materia/5299","metadata":{},"numero":87,"ano":2020,"numero_protocolo":84,"data_apresentacao":"2020-08-31","tipo_apresentacao":"E","data_publicacao":null,"numero_origem_externa":"","ano_origem_externa":null,"data_origem_externa":null,"apelido":"","dias_prazo":null,"data_fim_prazo":null,"em_tramitacao":false,"polemica":false,"objeto":"","complementar":false,"ementa":"CM 087/20          EMENDA AO PROJETO DE LEI CM 077/20, QUE DISP\u00d5E SOBRE A PROIBI\u00c7\u00c3O DO USO DE VE\u00cdCULOS DE TRA\u00c7\u00c3O ANIMAL NA \u00c1REA URBANA DE S\u00c3O SEBASTI\u00c3O DO CA\u00cd E D\u00c1 PROVID\u00caNCIAS.","indexacao":"","observacao":"","resultado":"","texto_original":"http://sapl.saosebastiaodocai.rs.leg.br/media/sapl/public/materialegislativa/2020/5299/emenda_087.20_ao_projeto_cm_077.20_proibicao_do_uso_de_veiculos_tracao_animal.pdf","data_ultima_atualizacao":"2020-09-17T14:15:01.786411-03:00","ip":"187.84.55.86","ultima_edicao":"2020-09-14T09:11:05.703811-03:00","tipo":9,"regime_tramitacao":1,"tipo_origem_externa":null,"local_origem_externa":null,"user":32,"anexadas":[],"autores":[9]}