{"id":36,"__str__":"Mo\u00e7\u00e3o de Congratula\u00e7\u00f5es n\u00ba 251 de 2015","link_detail_backend":"/materia/36","metadata":{},"numero":251,"ano":2015,"numero_protocolo":40,"data_apresentacao":"2015-12-14","tipo_apresentacao":"E","data_publicacao":null,"numero_origem_externa":"","ano_origem_externa":null,"data_origem_externa":null,"apelido":"","dias_prazo":null,"data_fim_prazo":null,"em_tramitacao":false,"polemica":false,"objeto":"","complementar":false,"ementa":"CM 251/15 - REQUERIMENTO DO VEREADOR ANAST\u00c1CIO DA SILVA PROPONDO QUE, OUVIDO O PLEN\u00c1RIO, EM REGIME DE URG\u00caNCIA, SEJA ENVIADO UM VOTO DE CONGRATULA\u00c7\u00d5ES PARA TODAS AS IGREJAS EVANG\u00c9LICAS E CAT\u00d3LICAS DE S\u00c3O SEBASTI\u00c3O DO CA\u00cd, PELA PASSAGEM DO DIA DA B\u00cdBLIA, OCORRIDO NO DIA 13.12.2015.","indexacao":"","observacao":"","resultado":"","texto_original":"http://sapl.saosebastiaodocai.rs.leg.br/media/sapl/public/materialegislativa/2015/36/36_texto_integral.pdf","data_ultima_atualizacao":"2018-10-04T10:00:46.809756-03:00","ip":"","ultima_edicao":null,"tipo":7,"regime_tramitacao":2,"tipo_origem_externa":null,"local_origem_externa":null,"user":null,"anexadas":[],"autores":[13]}