{"id":2395,"__str__":"Requerimento n\u00ba 215 de 2009","link_detail_backend":"/materia/2395","metadata":{},"numero":215,"ano":2009,"numero_protocolo":null,"data_apresentacao":"2009-09-14","tipo_apresentacao":"E","data_publicacao":null,"numero_origem_externa":"","ano_origem_externa":null,"data_origem_externa":null,"apelido":"","dias_prazo":null,"data_fim_prazo":null,"em_tramitacao":false,"polemica":null,"objeto":"","complementar":null,"ementa":"CM 215/09 - PROP\u00d5EM QUE SEJA ENCAMINHADO AO EXCELENT\u00cdSSIMO SENHOR DESEMBARGADOR  JO\u00c3O GHISLENI FILHO, PRESIDENTE DO TRIBUNAL REGIONAL DO TRABALHO, UMA MO\u00c7\u00c3O DE APOIO DESTA CASA DE REPRESENTANTES DO POVO CAIENSE \u00c0 INSTALA\u00c7\u00c3O DE UMA VARA DA JUSTI\u00c7A DO TRABALHO NESTE MUNIC\u00cdPIO.","indexacao":"","observacao":"","resultado":"","texto_original":"http://sapl.saosebastiaodocai.rs.leg.br/media/sapl/public/materialegislativa/2009/2395/requerimento.215.todos.dig.ok.pdf","data_ultima_atualizacao":"2019-01-03T11:38:31.878982-02:00","ip":"","ultima_edicao":null,"tipo":3,"regime_tramitacao":1,"tipo_origem_externa":null,"local_origem_externa":null,"user":null,"anexadas":[],"autores":[12]}