{"id":1725,"__str__":"Indica\u00e7\u00e3o n\u00ba 126 de 2018","link_detail_backend":"/materia/1725","metadata":{},"numero":126,"ano":2018,"numero_protocolo":127,"data_apresentacao":"2018-08-13","tipo_apresentacao":"E","data_publicacao":null,"numero_origem_externa":"","ano_origem_externa":null,"data_origem_externa":null,"apelido":"","dias_prazo":null,"data_fim_prazo":null,"em_tramitacao":false,"polemica":false,"objeto":"","complementar":false,"ementa":"CM 126/18     INDICA AO EXECUTIVO QUE SEJA REFOR\u00c7ADA A ILUMINA\u00c7\u00c3O NO TRECHO DA ESTRADA DA V\u00c1RZEA DO RIO BRANCO, DEPOIS DO N\u00daCLEO HABITACIONAL, ONDE ATUALMENTE N\u00c3O EXISTE ILUMINA\u00c7\u00c3O. SALIENTA AINDA O SIGNAT\u00c1RIO QUE A COLOCA\u00c7\u00c3O DAS L\u00c2MPADAS PODE SER FEITA DE FORMA INTERCALADA NOS POSTES EXISTENTES.","indexacao":"","observacao":"","resultado":"","texto_original":"http://sapl.saosebastiaodocai.rs.leg.br/media/sapl/public/materialegislativa/2018/1725/1725_texto_integral.pdf","data_ultima_atualizacao":"2019-07-19T11:20:15.733053-03:00","ip":"187.84.55.86","ultima_edicao":null,"tipo":8,"regime_tramitacao":1,"tipo_origem_externa":null,"local_origem_externa":null,"user":28,"anexadas":[],"autores":[26]}