{"id":1250,"__str__":"Projeto de Lei Ordin\u00e1ria n\u00ba 231 de 2013","link_detail_backend":"/materia/1250","metadata":{},"numero":231,"ano":2013,"numero_protocolo":null,"data_apresentacao":"2013-12-20","tipo_apresentacao":"E","data_publicacao":null,"numero_origem_externa":"","ano_origem_externa":null,"data_origem_externa":null,"apelido":"","dias_prazo":null,"data_fim_prazo":null,"em_tramitacao":false,"polemica":null,"objeto":"","complementar":null,"ementa":"PM 114/2013 - CM 231/13 - CRIA O CARGO EFETIVO DE \"ASSISTENTE ADMINISTRATIVO\" NO SERVI\u00c7O P\u00daBLICO MUNICIPAL E D\u00c1 PROVID\u00caNCIAS.","indexacao":"","observacao":"","resultado":"","texto_original":"http://sapl.saosebastiaodocai.rs.leg.br/media/sapl/public/materialegislativa/2013/1250/1250_texto_integral.pdf","data_ultima_atualizacao":"2018-10-04T10:00:45.417436-03:00","ip":"","ultima_edicao":null,"tipo":1,"regime_tramitacao":1,"tipo_origem_externa":null,"local_origem_externa":null,"user":null,"anexadas":[],"autores":[6]}